{"id":15939,"date":"2017-03-14T08:56:30","date_gmt":"2017-03-14T11:56:30","guid":{"rendered":"https:\/\/eldiariodesanpedro.com.ar\/sitio\/?p=15939"},"modified":"2017-03-14T08:56:30","modified_gmt":"2017-03-14T11:56:30","slug":"detienen-a-un-hombre-por-intento-de-homicidio","status":"publish","type":"post","link":"https:\/\/eldiariodesanpedro.com.ar\/sitio\/detienen-a-un-hombre-por-intento-de-homicidio\/","title":{"rendered":"Detienen a un hombre por intento de homicidio"},"content":{"rendered":"<p><!-- VideographyWP Plugin Message: Automatic video embedding prevented by plugin options. --><br \/>\nEn el d\u00eda de ayer personal de la comisar\u00eda se present\u00f3 en un domicilio ubicado en calle Casella y Las Provincia donde procedi\u00f3 a la detenci\u00f3n de un hombre de 27 a\u00f1os de edad en el cual pesaba un pedido de detenci\u00f3n por un hecho de tentativa homicidio y portaci\u00f3n ilegal de arma de guerra ocurrido el d\u00eda 02 de marzo donde el detenido hab\u00eda concurrido al domicilio de su ex pareja y efectu\u00f3 disparos provoc\u00e1ndole una lesi\u00f3n en su pierna. <\/p>\n<p>La fiscal\u00eda interviniente dispuso su alojamiento en esta comisar\u00eda y su traslado a sede judicial a primera hora.- UFI N\u00b0 5<\/p>\n","protected":false},"excerpt":{"rendered":"<p>En el d\u00eda de ayer personal de la comisar\u00eda se present\u00f3 en un domicilio ubicado en calle Casella y Las Provincia donde procedi\u00f3 a la detenci\u00f3n de un hombre de 27 a\u00f1os de edad en el cual pesaba un pedido de detenci\u00f3n por un hecho de tentativa homicidio y portaci\u00f3n ilegal de arma de guerra [&hellip;]<\/p>\n","protected":false},"author":4,"featured_media":1378,"comment_status":"open","ping_status":"closed","sticky":false,"template":"","format":"standard","meta":{"om_disable_all_campaigns":false,"_jetpack_memberships_contains_paid_content":false,"footnotes":""},"categories":[2,103],"tags":[],"class_list":["post-15939","post","type-post","status-publish","format-standard","has-post-thumbnail","hentry","category-locales","category-policiales-locales"],"aioseo_notices":[],"gutentor_comment":0,"jetpack_featured_media_url":"https:\/\/eldiariodesanpedro.com.ar\/sitio\/wp-content\/uploads\/2015\/12\/detenido-esposado-620x413.jpg","jetpack_shortlink":"https:\/\/wp.me\/p6RhLt-495","jetpack_sharing_enabled":true,"_links":{"self":[{"href":"https:\/\/eldiariodesanpedro.com.ar\/sitio\/wp-json\/wp\/v2\/posts\/15939","targetHints":{"allow":["GET"]}}],"collection":[{"href":"https:\/\/eldiariodesanpedro.com.ar\/sitio\/wp-json\/wp\/v2\/posts"}],"about":[{"href":"https:\/\/eldiariodesanpedro.com.ar\/sitio\/wp-json\/wp\/v2\/types\/post"}],"author":[{"embeddable":true,"href":"https:\/\/eldiariodesanpedro.com.ar\/sitio\/wp-json\/wp\/v2\/users\/4"}],"replies":[{"embeddable":true,"href":"https:\/\/eldiariodesanpedro.com.ar\/sitio\/wp-json\/wp\/v2\/comments?post=15939"}],"version-history":[{"count":1,"href":"https:\/\/eldiariodesanpedro.com.ar\/sitio\/wp-json\/wp\/v2\/posts\/15939\/revisions"}],"predecessor-version":[{"id":15940,"href":"https:\/\/eldiariodesanpedro.com.ar\/sitio\/wp-json\/wp\/v2\/posts\/15939\/revisions\/15940"}],"wp:featuredmedia":[{"embeddable":true,"href":"https:\/\/eldiariodesanpedro.com.ar\/sitio\/wp-json\/wp\/v2\/media\/1378"}],"wp:attachment":[{"href":"https:\/\/eldiariodesanpedro.com.ar\/sitio\/wp-json\/wp\/v2\/media?parent=15939"}],"wp:term":[{"taxonomy":"category","embeddable":true,"href":"https:\/\/eldiariodesanpedro.com.ar\/sitio\/wp-json\/wp\/v2\/categories?post=15939"},{"taxonomy":"post_tag","embeddable":true,"href":"https:\/\/eldiariodesanpedro.com.ar\/sitio\/wp-json\/wp\/v2\/tags?post=15939"}],"curies":[{"name":"wp","href":"https:\/\/api.w.org\/{rel}","templated":true}]}}