{"id":15937,"date":"2017-03-14T08:43:02","date_gmt":"2017-03-14T11:43:02","guid":{"rendered":"https:\/\/eldiariodesanpedro.com.ar\/sitio\/?p=15937"},"modified":"2017-03-14T08:43:02","modified_gmt":"2017-03-14T11:43:02","slug":"una-mujer-con-problemas-psiquiatricos-fue-rescatada-del-rio","status":"publish","type":"post","link":"https:\/\/eldiariodesanpedro.com.ar\/sitio\/una-mujer-con-problemas-psiquiatricos-fue-rescatada-del-rio\/","title":{"rendered":"Una mujer con problemas psiqui\u00e1tricos fue rescatada del r\u00edo"},"content":{"rendered":"<p><!-- VideographyWP Plugin Message: Automatic video embedding prevented by plugin options. --><br \/>\nEn la media noche de ayer alrededor de las 23:45 hs personal policial acudi\u00f3 a la zona del Paseo P\u00fablico luego de haber sido alertados a trav\u00e9s de un llamado que se recibi\u00f3 en el servicio 101 contando que se escuchaban gritos de una mujer pidiendo ayuda pero sin poder divisarla. <\/p>\n<p>Se recorri\u00f3 toda la zona iluminando con las luces del movil, de esta manera lograron divisar a una se\u00f1ora que se hab\u00eda arrojado al agua en el sector donde se quit\u00f3 el muelle y donde se han perdido la vida  varias personas.<\/p>\n<p>Un efectivo policial se arroj\u00f3 al agua y agarr\u00e1ndose de las ra\u00edces de los \u00e1rboles logr\u00f3 sacar a esta mujer que se encontraba en un gran riesgo y poniendola al resguardo sin necesidad de ejecutar maniobras de RCP, teniendo en cuenta que se hab\u00eda sumergido completamente. <\/p>\n<p>La mujer fue trasladada por una ambulancia al hospital Emilio Ruffa donde fue contenida y entrevistada por profesionales logrando establecer que la misma es oriunda de nuestra ciudad, de 40 a\u00f1os de edad y parece de problemas psiqui\u00e1tricos por lo que fue atendido con anterioridad en el nosocomio local.<\/p>\n","protected":false},"excerpt":{"rendered":"<p>En la media noche de ayer alrededor de las 23:45 hs personal policial acudi\u00f3 a la zona del Paseo P\u00fablico luego de haber sido alertados a trav\u00e9s de un llamado que se recibi\u00f3 en el servicio 101 contando que se escuchaban gritos de una mujer pidiendo ayuda pero sin poder divisarla. Se recorri\u00f3 toda la [&hellip;]<\/p>\n","protected":false},"author":4,"featured_media":12613,"comment_status":"open","ping_status":"closed","sticky":false,"template":"","format":"standard","meta":{"om_disable_all_campaigns":false,"_jetpack_memberships_contains_paid_content":false,"footnotes":""},"categories":[50,2,103],"tags":[],"class_list":["post-15937","post","type-post","status-publish","format-standard","has-post-thumbnail","hentry","category-destacadas","category-locales","category-policiales-locales"],"aioseo_notices":[],"gutentor_comment":0,"jetpack_featured_media_url":"https:\/\/eldiariodesanpedro.com.ar\/sitio\/wp-content\/uploads\/2017\/01\/DSC_0041-e1484093633197.jpg","jetpack_shortlink":"https:\/\/wp.me\/p6RhLt-493","jetpack_sharing_enabled":true,"_links":{"self":[{"href":"https:\/\/eldiariodesanpedro.com.ar\/sitio\/wp-json\/wp\/v2\/posts\/15937","targetHints":{"allow":["GET"]}}],"collection":[{"href":"https:\/\/eldiariodesanpedro.com.ar\/sitio\/wp-json\/wp\/v2\/posts"}],"about":[{"href":"https:\/\/eldiariodesanpedro.com.ar\/sitio\/wp-json\/wp\/v2\/types\/post"}],"author":[{"embeddable":true,"href":"https:\/\/eldiariodesanpedro.com.ar\/sitio\/wp-json\/wp\/v2\/users\/4"}],"replies":[{"embeddable":true,"href":"https:\/\/eldiariodesanpedro.com.ar\/sitio\/wp-json\/wp\/v2\/comments?post=15937"}],"version-history":[{"count":1,"href":"https:\/\/eldiariodesanpedro.com.ar\/sitio\/wp-json\/wp\/v2\/posts\/15937\/revisions"}],"predecessor-version":[{"id":15938,"href":"https:\/\/eldiariodesanpedro.com.ar\/sitio\/wp-json\/wp\/v2\/posts\/15937\/revisions\/15938"}],"wp:featuredmedia":[{"embeddable":true,"href":"https:\/\/eldiariodesanpedro.com.ar\/sitio\/wp-json\/wp\/v2\/media\/12613"}],"wp:attachment":[{"href":"https:\/\/eldiariodesanpedro.com.ar\/sitio\/wp-json\/wp\/v2\/media?parent=15937"}],"wp:term":[{"taxonomy":"category","embeddable":true,"href":"https:\/\/eldiariodesanpedro.com.ar\/sitio\/wp-json\/wp\/v2\/categories?post=15937"},{"taxonomy":"post_tag","embeddable":true,"href":"https:\/\/eldiariodesanpedro.com.ar\/sitio\/wp-json\/wp\/v2\/tags?post=15937"}],"curies":[{"name":"wp","href":"https:\/\/api.w.org\/{rel}","templated":true}]}}