{"id":15934,"date":"2017-03-13T21:16:03","date_gmt":"2017-03-14T00:16:03","guid":{"rendered":"https:\/\/eldiariodesanpedro.com.ar\/sitio\/?p=15934"},"modified":"2026-01-24T00:30:47","modified_gmt":"2026-01-24T03:30:47","slug":"liga-infantil-eduardo-oilher-es-el-nuevo-presidente","status":"publish","type":"post","link":"https:\/\/eldiariodesanpedro.com.ar\/sitio\/liga-infantil-eduardo-oilher-es-el-nuevo-presidente\/","title":{"rendered":"LIGA INFANTIL: Eduardo Oilher es el nuevo Presidente"},"content":{"rendered":"<p><!-- VideographyWP Plugin Message: Automatic video embedding prevented by plugin options. --><br \/>\n  En la noche del viernes, se llev\u00f3 a cabo la Asamblea Anual Ordinaria de la entidad, que rige el f\u00fatbol infantil de la regi\u00f3n; donde se renov\u00f3 por completo la Comisi\u00f3n Directiva y se oficializ\u00f3 la llegada de Eduardo Oilher como Presidente, en lugar del Profesor Jorge Baca.        <\/p>\n<p>  En la reuni\u00f3n, adem\u00e1s, se aprob\u00f3 la memoria y balance.<\/p>\n<p><strong>Comisi\u00f3n Directiva<\/strong><\/p>\n<p>Presidente: Eduardo Oilher<br \/>\nVice-Presidente: Mauricio Laserna<br \/>\nSecretario: Carlos Fr\u00e1<br \/>\nPro-Secretario: Fernando L\u00f3pez<br \/>\nTesorero: Javier Ar\u00e9valo<br \/>\nPro-Tesorero: H\u00e9ctor Fenoglio<br \/>\nVocales: Daniel Aguado, Fabi\u00e1n Noriega, Marcelo Albanese y Mat\u00edas Campos<br \/>\nVocales suplentes: Daniel Giolito, Julio Lacuadra y Nicol\u00e1s Romero<br \/>\nRevisores de cuenta: Gabriel Garc\u00eda y Fernando \u00c1lvarez<\/p>\n","protected":false},"excerpt":{"rendered":"<p>En la noche del viernes, se llev\u00f3 a cabo la Asamblea Anual Ordinaria de la entidad, que rige el f\u00fatbol infantil de la regi\u00f3n; donde se renov\u00f3 por completo la Comisi\u00f3n Directiva y se oficializ\u00f3 la llegada de Eduardo Oilher como Presidente, en lugar del Profesor Jorge Baca. En la reuni\u00f3n, adem\u00e1s, se aprob\u00f3 la [&hellip;]<\/p>\n","protected":false},"author":4,"featured_media":15935,"comment_status":"open","ping_status":"closed","sticky":false,"template":"","format":"standard","meta":{"om_disable_all_campaigns":false,"_jetpack_memberships_contains_paid_content":false,"footnotes":""},"categories":[5],"tags":[],"class_list":["post-15934","post","type-post","status-publish","format-standard","has-post-thumbnail","hentry","category-deportes"],"aioseo_notices":[],"gutentor_comment":0,"jetpack_featured_media_url":"https:\/\/eldiariodesanpedro.com.ar\/sitio\/wp-content\/uploads\/2017\/03\/El-futbolista-y-nuevo-Presidente-de-la-Liga-Infantil-Eduardo-Oilher-junto-la-nueva-CD.jpg","jetpack_shortlink":"https:\/\/wp.me\/p6RhLt-490","jetpack_sharing_enabled":true,"_links":{"self":[{"href":"https:\/\/eldiariodesanpedro.com.ar\/sitio\/wp-json\/wp\/v2\/posts\/15934","targetHints":{"allow":["GET"]}}],"collection":[{"href":"https:\/\/eldiariodesanpedro.com.ar\/sitio\/wp-json\/wp\/v2\/posts"}],"about":[{"href":"https:\/\/eldiariodesanpedro.com.ar\/sitio\/wp-json\/wp\/v2\/types\/post"}],"author":[{"embeddable":true,"href":"https:\/\/eldiariodesanpedro.com.ar\/sitio\/wp-json\/wp\/v2\/users\/4"}],"replies":[{"embeddable":true,"href":"https:\/\/eldiariodesanpedro.com.ar\/sitio\/wp-json\/wp\/v2\/comments?post=15934"}],"version-history":[{"count":1,"href":"https:\/\/eldiariodesanpedro.com.ar\/sitio\/wp-json\/wp\/v2\/posts\/15934\/revisions"}],"predecessor-version":[{"id":15936,"href":"https:\/\/eldiariodesanpedro.com.ar\/sitio\/wp-json\/wp\/v2\/posts\/15934\/revisions\/15936"}],"wp:featuredmedia":[{"embeddable":true,"href":"https:\/\/eldiariodesanpedro.com.ar\/sitio\/wp-json\/wp\/v2\/media\/15935"}],"wp:attachment":[{"href":"https:\/\/eldiariodesanpedro.com.ar\/sitio\/wp-json\/wp\/v2\/media?parent=15934"}],"wp:term":[{"taxonomy":"category","embeddable":true,"href":"https:\/\/eldiariodesanpedro.com.ar\/sitio\/wp-json\/wp\/v2\/categories?post=15934"},{"taxonomy":"post_tag","embeddable":true,"href":"https:\/\/eldiariodesanpedro.com.ar\/sitio\/wp-json\/wp\/v2\/tags?post=15934"}],"curies":[{"name":"wp","href":"https:\/\/api.w.org\/{rel}","templated":true}]}}