{"id":15929,"date":"2017-03-13T21:11:04","date_gmt":"2017-03-14T00:11:04","guid":{"rendered":"https:\/\/eldiariodesanpedro.com.ar\/sitio\/?p=15929"},"modified":"2026-01-24T00:30:47","modified_gmt":"2026-01-24T03:30:47","slug":"atletico-imparable-el-equipo-de-fortunato-logro-meterse-en-la-proxima-ronda-como-el-mejor-de-la-zona","status":"publish","type":"post","link":"https:\/\/eldiariodesanpedro.com.ar\/sitio\/atletico-imparable-el-equipo-de-fortunato-logro-meterse-en-la-proxima-ronda-como-el-mejor-de-la-zona\/","title":{"rendered":"ATL\u00c9TICO IMPARABLE: El equipo de Fortunato logr\u00f3 meterse en la pr\u00f3xima ronda como el mejor de la zona"},"content":{"rendered":"<p><!-- VideographyWP Plugin Message: Automatic video embedding prevented by plugin options. --><br \/>\n  Con goles de Luna y Silva, el \u00abnegro\u00bb super\u00f3 a SOMISA como local 2 a 0 y lleg\u00f3 a la punta de la zona 1, Regi\u00f3n Pampeana Norte; asegurando su paso a la pr\u00f3xima ronda sin depender de nadie. Lo hizo c\u00f3mo el mejor, al lograr 12 puntos por delante de SOMISA y Matienzo, ambos con 11 puntos. Aun as\u00ed, los tres, ser\u00e1n protagonistas de la siguiente ronda. <\/p>\n<p>  Salvo en los primeros minutos, d\u00f3nde la visita parec\u00eda mejor plantada en la cancha y utilizaba el campo y pelota con mayor criterio; Atl\u00e9tico, no s\u00f3lo logr\u00f3 emparejar el juego, sino tambi\u00e9n pasar a dominarlo. Finalizando como un justo vencedor.<\/p>\n<p>  A los 53\u00b4, el \u00abPato\u00bb Luna lo puso en ventaja. Y a los 60\u00b4, un claro penal, termin\u00f3 con \u00abGuly\u00bb G\u00f3mez como figura, al detener el remate de Sawicz. Abajo, contra el palo, de magn\u00edfica manera. Luna, tuvo tres chances m\u00e1s de sumar. Aunque el que liquid\u00f3 el partido fue Jes\u00fas Silva; qui\u00e9n remat\u00f3 fuerte y cruzado, para sacar pintura al parante y meterse en el \u00e1ngulo contrario con un potente tiro; inalcanzable para el portero Ponte.<\/p>\n<p>  El \u00e1rbitro Juan Vergara, fue suplantado por Mauricio Lespinard, de correcto desempe\u00f1o. El partido se jug\u00f3 en una cancha de piso impecable y ante unos 450 espectadores.<\/p>\n<p><strong>S\u00edntesis<\/strong><br \/>\nAtl\u00e9tico (2): G\u00f3mez, Del R\u00edo, Schallibaum, Sp\u00f3sito, Carreras, Camacho, Romero, Moreira, Luna, Silva y Chapuis. DT: Gustavo Fortunato.<br \/>\nCambios: 77m Mart\u00edn por Chapuis, 82m F. Z\u00e1rate por Moreira y 89m Molina por Luna.<\/p>\n<p>Somisa (0): Ponte, Slavin, Ojeda, Mart\u00ednez, Lescano, Mal\u00edn, Sawicz, P\u00e9rez, Z\u00e1rate, Frontini y Tomassini. DT: Walter Natali.<br \/>\nCambios: 80m Maggi por Tomasini y 82m Mart\u00ednez por P\u00e9rez.<\/p>\n<p>Goles: 53\u00b4 Maximiliano Luna (A) y 87\u00b4 Jes\u00fas Silva (A)<br \/>\nIncidencias: A los 60\u00b4 G\u00f3mez (A) le contuvo tiro penal a Sawicz (S).<\/p>\n<p>\u00c1rbitro: Mauricio Lespinard (Villa Constituci\u00f3n)<br \/>\nAsistentes: Sebasti\u00e1n Romero y Daniel Torres<\/p>\n<p>Cancha: \u00abCarlos Asali\u00bb.<\/p>\n<p><strong>GAN\u00d3 MATIENZO DE RAMALLO<\/strong><br \/>\nMatienzo se impuso a Pe\u00f1a Boca Jr. de Arrecifes 2 a 0, goles de Villarreal y Fern\u00e1ndez. N\u00fa\u00f1ez (BJ) le ataj\u00f3 un penal a Cabrera (M) y, fue expulsado Diego Yacuzzi (M).<\/p>\n<p>Posiciones<br \/>\nAtl\u00e9tico 12<br \/>\nMatienzo 11<br \/>\nSOMISA 11<br \/>\nPe\u00f1a Boca Jr. 0<\/p>\n<p><strong>Todos los clasificados de la regi\u00f3n<\/strong><\/p>\n<p>Zona 1<br \/>\n1\u00ba (Clasifica a 2\u00ba Fase) Atl\u00e9tico Baradero (Baradero)<br \/>\n2\u00ba (Clasifica a 1\u00ba Fase) SOMISA (San Nicol\u00e1s)<br \/>\nZona 2<br \/>\n1\u00ba (Clasifica a 2\u00ba Fase) Jorge Newbery (Rojas)<br \/>\n2\u00ba (Clasifica a 1\u00ba Fase) Argentino (Pergamino)<br \/>\nZona 3<br \/>\n1\u00ba (Clasifica a 2\u00ba Fase) Dep. Colonial Ferre (Ferre -L. Gral. Arenales)<br \/>\n2\u00ba (Clasifica a 1\u00ba Fase) F.B.C. Matienzo (J.B. Alberdi, Vedia)<br \/>\nZona 4<br \/>\n1\u00ba (Clasifica a 2\u00ba Fase) Viamonte F.C. (Gral. Viamonte, Los Toldos)<br \/>\n2\u00ba (Clasifica a 1\u00ba Fase) Juventud Unida (Lincoln)<br \/>\nZona 5<br \/>\n1\u00ba (Clasifica a 2\u00ba Fase) Sports (Salto, Bs. As.)<br \/>\n2\u00ba (Clasifica a 1\u00ba Fase) Gimnasia (Chivilcoy)<br \/>\nZona 6<br \/>\n1\u00ba (Clasifica a 2\u00ba Fase) Sarmiento (Z\u00e1rate)<br \/>\n2\u00ba (Clasifica a 1\u00ba Fase) Defensores La Esperanza (Campana)<br \/>\nZona 7<br \/>\n1\u00ba (Clasifica a 2\u00ba Fase) Deportivo Malvinas (Ing. A. Sourdeaux, Escobar)<br \/>\n2\u00ba (Clasifica a 1\u00ba Fase) SATSAID -Sind. Arg. de Televisi\u00f3n- (Moreno, Lujan)<br \/>\nZona 8<br \/>\n1\u00ba (Clasifica a 2\u00ba Fase) Club Mercedes (Mercedes, Bs.As.)<br \/>\n2\u00ba (Clasifica a 1\u00ba Fase) Trocha (Mercedes)<br \/>\nZona 9<br \/>\n1\u00ba (Clasifica a 2\u00ba Fase) ADIP -Agrup. Dep. Inf. Platense- (Gonnet)<br \/>\n2\u00ba (Clasifica a 1\u00ba Fase) Deportivo Coreano (Lobos)<br \/>\nZona 10<br \/>\n1\u00ba (Clasifica a 2\u00ba Fase) Ctro. Recr. INF. B\u00ba Aeropuerto -CRIBA- (La Plata)<br \/>\n2\u00ba (Clasifica a 1\u00ba Fase) Racing (Gral. Mansilla -Est. Bavio-, L. Chascom\u00fas)<\/p>\n<p><strong>Mejores terceros las 10 zonas<\/strong><br \/>\n1\u00ba (Clasifica a 1\u00ba Fase) Atl. Matienzo (Ramallo)<br \/>\n2\u00ba (Clasifica a 1\u00ba Fase) Porte\u00f1o Football Club (Col\u00f3n, BA.)<\/p>\n<p><a href=\"https:\/\/eldiariodesanpedro.com.ar\/sitio\/wp-content\/uploads\/2017\/03\/Los-sampedrinos-Herman-Schallibaum-y-Leonel-Camacho-jugadores-de-Atl\u00e9tico..jpg\"><img decoding=\"async\" data-attachment-id=\"15931\" data-permalink=\"https:\/\/eldiariodesanpedro.com.ar\/sitio\/atletico-imparable-el-equipo-de-fortunato-logro-meterse-en-la-proxima-ronda-como-el-mejor-de-la-zona\/los-sampedrinos-herman-schallibaum-y-leonel-camacho-jugadores-de-atletico\/\" data-orig-file=\"https:\/\/eldiariodesanpedro.com.ar\/sitio\/wp-content\/uploads\/2017\/03\/Los-sampedrinos-Herman-Schallibaum-y-Leonel-Camacho-jugadores-de-Atl\u00e9tico..jpg\" data-orig-size=\"602,602\" data-comments-opened=\"1\" data-image-meta=\"{&quot;aperture&quot;:&quot;0&quot;,&quot;credit&quot;:&quot;&quot;,&quot;camera&quot;:&quot;&quot;,&quot;caption&quot;:&quot;&quot;,&quot;created_timestamp&quot;:&quot;0&quot;,&quot;copyright&quot;:&quot;&quot;,&quot;focal_length&quot;:&quot;0&quot;,&quot;iso&quot;:&quot;0&quot;,&quot;shutter_speed&quot;:&quot;0&quot;,&quot;title&quot;:&quot;&quot;,&quot;orientation&quot;:&quot;0&quot;}\" data-image-title=\"Los sampedrinos Herman Schallibaum y Leonel Camacho, jugadores de Atl\u00e9tico.\" data-image-description=\"\" data-image-caption=\"\" data-large-file=\"https:\/\/eldiariodesanpedro.com.ar\/sitio\/wp-content\/uploads\/2017\/03\/Los-sampedrinos-Herman-Schallibaum-y-Leonel-Camacho-jugadores-de-Atl\u00e9tico..jpg\" data-src=\"https:\/\/eldiariodesanpedro.com.ar\/sitio\/wp-content\/uploads\/2017\/03\/Los-sampedrinos-Herman-Schallibaum-y-Leonel-Camacho-jugadores-de-Atl\u00e9tico.-300x300.jpg\" alt=\"\" width=\"300\" height=\"300\" class=\"alignnone size-medium wp-image-15931 lazyload\" data-srcset=\"https:\/\/eldiariodesanpedro.com.ar\/sitio\/wp-content\/uploads\/2017\/03\/Los-sampedrinos-Herman-Schallibaum-y-Leonel-Camacho-jugadores-de-Atl\u00e9tico.-300x300.jpg 300w, https:\/\/eldiariodesanpedro.com.ar\/sitio\/wp-content\/uploads\/2017\/03\/Los-sampedrinos-Herman-Schallibaum-y-Leonel-Camacho-jugadores-de-Atl\u00e9tico.-150x150.jpg 150w, https:\/\/eldiariodesanpedro.com.ar\/sitio\/wp-content\/uploads\/2017\/03\/Los-sampedrinos-Herman-Schallibaum-y-Leonel-Camacho-jugadores-de-Atl\u00e9tico..jpg 602w\" data-sizes=\"(max-width: 300px) 100vw, 300px\" src=\"data:image\/svg+xml;base64,PHN2ZyB3aWR0aD0iMSIgaGVpZ2h0PSIxIiB4bWxucz0iaHR0cDovL3d3dy53My5vcmcvMjAwMC9zdmciPjwvc3ZnPg==\" style=\"--smush-placeholder-width: 300px; --smush-placeholder-aspect-ratio: 300\/300;\" \/><\/a><\/p>\n","protected":false},"excerpt":{"rendered":"<p>Con goles de Luna y Silva, el \u00abnegro\u00bb super\u00f3 a SOMISA como local 2 a 0 y lleg\u00f3 a la punta de la zona 1, Regi\u00f3n Pampeana Norte; asegurando su paso a la pr\u00f3xima ronda sin depender de nadie. Lo hizo c\u00f3mo el mejor, al lograr 12 puntos por delante de SOMISA y Matienzo, ambos [&hellip;]<\/p>\n","protected":false},"author":4,"featured_media":15930,"comment_status":"open","ping_status":"closed","sticky":false,"template":"","format":"standard","meta":{"om_disable_all_campaigns":false,"_jetpack_memberships_contains_paid_content":false,"footnotes":""},"categories":[5],"tags":[],"class_list":["post-15929","post","type-post","status-publish","format-standard","has-post-thumbnail","hentry","category-deportes"],"aioseo_notices":[],"gutentor_comment":0,"jetpack_featured_media_url":"https:\/\/eldiariodesanpedro.com.ar\/sitio\/wp-content\/uploads\/2017\/03\/Terna-de-San-Pedro-que-dirigi\u00f3-Belgrano-Z\u00e1rate-y-Otamendi-Campana.-Agust\u00edn-G\u00f3mez-Lucas-Bruzzesi-y-Marcos-Santos..jpg","jetpack_shortlink":"https:\/\/wp.me\/p6RhLt-48V","jetpack_sharing_enabled":true,"_links":{"self":[{"href":"https:\/\/eldiariodesanpedro.com.ar\/sitio\/wp-json\/wp\/v2\/posts\/15929","targetHints":{"allow":["GET"]}}],"collection":[{"href":"https:\/\/eldiariodesanpedro.com.ar\/sitio\/wp-json\/wp\/v2\/posts"}],"about":[{"href":"https:\/\/eldiariodesanpedro.com.ar\/sitio\/wp-json\/wp\/v2\/types\/post"}],"author":[{"embeddable":true,"href":"https:\/\/eldiariodesanpedro.com.ar\/sitio\/wp-json\/wp\/v2\/users\/4"}],"replies":[{"embeddable":true,"href":"https:\/\/eldiariodesanpedro.com.ar\/sitio\/wp-json\/wp\/v2\/comments?post=15929"}],"version-history":[{"count":2,"href":"https:\/\/eldiariodesanpedro.com.ar\/sitio\/wp-json\/wp\/v2\/posts\/15929\/revisions"}],"predecessor-version":[{"id":15933,"href":"https:\/\/eldiariodesanpedro.com.ar\/sitio\/wp-json\/wp\/v2\/posts\/15929\/revisions\/15933"}],"wp:featuredmedia":[{"embeddable":true,"href":"https:\/\/eldiariodesanpedro.com.ar\/sitio\/wp-json\/wp\/v2\/media\/15930"}],"wp:attachment":[{"href":"https:\/\/eldiariodesanpedro.com.ar\/sitio\/wp-json\/wp\/v2\/media?parent=15929"}],"wp:term":[{"taxonomy":"category","embeddable":true,"href":"https:\/\/eldiariodesanpedro.com.ar\/sitio\/wp-json\/wp\/v2\/categories?post=15929"},{"taxonomy":"post_tag","embeddable":true,"href":"https:\/\/eldiariodesanpedro.com.ar\/sitio\/wp-json\/wp\/v2\/tags?post=15929"}],"curies":[{"name":"wp","href":"https:\/\/api.w.org\/{rel}","templated":true}]}}