{"id":15921,"date":"2017-03-13T21:05:05","date_gmt":"2017-03-14T00:05:05","guid":{"rendered":"https:\/\/eldiariodesanpedro.com.ar\/sitio\/?p=15921"},"modified":"2026-01-24T00:30:47","modified_gmt":"2026-01-24T03:30:47","slug":"terminado-el-fin-de-semana-hubo-actividad-de-sampedrinos-en-la-federacion-norte-de-automovilismo-rally-federal-y-a-nivel-nacional-copa-bora-1-8t","status":"publish","type":"post","link":"https:\/\/eldiariodesanpedro.com.ar\/sitio\/terminado-el-fin-de-semana-hubo-actividad-de-sampedrinos-en-la-federacion-norte-de-automovilismo-rally-federal-y-a-nivel-nacional-copa-bora-1-8t\/","title":{"rendered":"Terminado el fin de semana, hubo actividad de sampedrinos en la Federaci\u00f3n Norte de Automovilismo, Rally Federal; y a nivel nacional, Copa Bora 1.8T"},"content":{"rendered":"<p><!-- VideographyWP Plugin Message: Automatic video embedding prevented by plugin options. --><br \/>\n  Empezando por FEDENOR, se disput\u00f3 la primera fecha en el circuito costanero de Arrecifes. Y en la divisional del TC Zonal, se llev\u00f3 una de las victorias Juan Manuel Iglesias, en su retorno a la pista con el auto campe\u00f3n 2016; seguido por su joven hermano Fernando \u201cMorro\u201d Iglesias. Y , completando el podio, el arrecife\u00f1o Dario Matkovich; en una carrera muy entretenida entre los punteros.<\/p>\n<p>  En la categor\u00eda de mayor caudal de pilotos locales, como el TC 850, la bandera a cuadros fue vista por Santiago Molina, seguido de Walter Di Sanzo, y en destacada actuaci\u00f3n, tercero, Maximiliano Maes. M\u00e1s atr\u00e1s se encontraban Pablo Scarf\u00f3 en un 4\u00b0 puesto; el quinto fue para Jos\u00e9 Ricardo; 6\u00b0 culminaba Federico Parra y 7\u00b0, \u201cJuani\u201d Solieri.  Fueron los de nuestra ciudad, quienes quedaron dentro de las primeras 10 posiciones del clasificador.<\/p>\n<p>  Por \u00faltimo, en la Formula Renault Bonaerense 1400, Ezequiel Iglesias cerr\u00f3 su carrera en una s\u00e9ptima ubicaci\u00f3n; siendo el ganador Dario Elisei.<\/p>\n<p>  Estas categor\u00edas volver\u00e1n a estar en pista el 9 de Abril en el Barrancas de Baradero.<\/p>\n<p>  Cambiando de ambiente y meti\u00e9ndonos en lo nacional, Junior Solmi estuvo presente en la segunda fecha de la Copa Bora 1.8 T, en el aut\u00f3dromo Centenario de la ciudad de Neuqu\u00e9n, junto al Turismo de Carretera. Larg\u00f3 en la posici\u00f3n 5\u00b0 y culmin\u00f3 en pista primero; utilizando una tijera en la \u00faltima curva de la \u00faltima vuelta, marcando el record de vuelta. Se disfrut\u00f3 un gran espect\u00e1culo en pista, no visto desde hace tiempo en la categor\u00eda.<\/p>\n<p>  Luego, por una maniobra, que puede tener distintos puntos de vista; se lo recarg\u00f3 al 4\u00b0 puesto. Entrando igualmente al podio.<br \/>\n  La tercera fecha ser\u00e1 en Olavarr\u00eda el 2 del mes siguiente.  <\/p>\n<p>  En lo que respecta al Rally Federal, empez\u00f3 su a\u00f1o en la ciudad de Lincoln. All\u00ed estuvieron participando los Solmi; en este caso V\u00edctor, acompa\u00f1ado de Nerea ganando en la clase N3. Su hijo V\u00edctor Manuel, con mala fortuna, ya que no pudo finalizar de la manera esperada la competencia.<\/p>\n<p>  Ambos, estar\u00e1n trabajando para estar presentes en la pr\u00f3xima fecha, que ser\u00e1 en Navarro el 23 de Abril.<\/p>\n<div data-carousel-extra='{&quot;blog_id&quot;:1,&quot;permalink&quot;:&quot;https:\/\/eldiariodesanpedro.com.ar\/sitio\/terminado-el-fin-de-semana-hubo-actividad-de-sampedrinos-en-la-federacion-norte-de-automovilismo-rally-federal-y-a-nivel-nacional-copa-bora-1-8t\/&quot;}' id='gallery-1' class='gallery galleryid-15921 gallery-columns-3 gallery-size-large'><figure class='gallery-item'>\n\t\t\t<div class='gallery-icon landscape'>\n\t\t\t\t<a href='https:\/\/eldiariodesanpedro.com.ar\/sitio\/terminado-el-fin-de-semana-hubo-actividad-de-sampedrinos-en-la-federacion-norte-de-automovilismo-rally-federal-y-a-nivel-nacional-copa-bora-1-8t\/img_3145\/'><img decoding=\"async\" width=\"640\" height=\"480\" data-src=\"https:\/\/eldiariodesanpedro.com.ar\/sitio\/wp-content\/uploads\/2017\/03\/IMG_3145-1024x768.jpg\" class=\"attachment-large size-large lazyload\" alt=\"El Diario de San Pedro | Noticias locales y regionales\" data-srcset=\"https:\/\/eldiariodesanpedro.com.ar\/sitio\/wp-content\/uploads\/2017\/03\/IMG_3145-1024x768.jpg 1024w, https:\/\/eldiariodesanpedro.com.ar\/sitio\/wp-content\/uploads\/2017\/03\/IMG_3145-300x225.jpg 300w, https:\/\/eldiariodesanpedro.com.ar\/sitio\/wp-content\/uploads\/2017\/03\/IMG_3145-768x576.jpg 768w\" data-sizes=\"(max-width: 640px) 100vw, 640px\" data-attachment-id=\"15924\" data-permalink=\"https:\/\/eldiariodesanpedro.com.ar\/sitio\/terminado-el-fin-de-semana-hubo-actividad-de-sampedrinos-en-la-federacion-norte-de-automovilismo-rally-federal-y-a-nivel-nacional-copa-bora-1-8t\/img_3145\/\" data-orig-file=\"https:\/\/eldiariodesanpedro.com.ar\/sitio\/wp-content\/uploads\/2017\/03\/IMG_3145.jpg\" data-orig-size=\"4032,3024\" data-comments-opened=\"1\" data-image-meta=\"{&quot;aperture&quot;:&quot;0&quot;,&quot;credit&quot;:&quot;&quot;,&quot;camera&quot;:&quot;&quot;,&quot;caption&quot;:&quot;&quot;,&quot;created_timestamp&quot;:&quot;0&quot;,&quot;copyright&quot;:&quot;&quot;,&quot;focal_length&quot;:&quot;0&quot;,&quot;iso&quot;:&quot;0&quot;,&quot;shutter_speed&quot;:&quot;0&quot;,&quot;title&quot;:&quot;&quot;,&quot;orientation&quot;:&quot;1&quot;}\" data-image-title=\"IMG_3145\" data-image-description=\"\" data-image-caption=\"\" data-large-file=\"https:\/\/eldiariodesanpedro.com.ar\/sitio\/wp-content\/uploads\/2017\/03\/IMG_3145-1024x768.jpg\" src=\"data:image\/svg+xml;base64,PHN2ZyB3aWR0aD0iMSIgaGVpZ2h0PSIxIiB4bWxucz0iaHR0cDovL3d3dy53My5vcmcvMjAwMC9zdmciPjwvc3ZnPg==\" style=\"--smush-placeholder-width: 640px; --smush-placeholder-aspect-ratio: 640\/480;\" \/><\/a>\n\t\t\t<\/div><\/figure><figure class='gallery-item'>\n\t\t\t<div class='gallery-icon landscape'>\n\t\t\t\t<a href='https:\/\/eldiariodesanpedro.com.ar\/sitio\/terminado-el-fin-de-semana-hubo-actividad-de-sampedrinos-en-la-federacion-norte-de-automovilismo-rally-federal-y-a-nivel-nacional-copa-bora-1-8t\/img_3409\/'><img decoding=\"async\" width=\"640\" height=\"396\" data-src=\"https:\/\/eldiariodesanpedro.com.ar\/sitio\/wp-content\/uploads\/2017\/03\/IMG_3409.jpg\" class=\"attachment-large size-large lazyload\" alt=\"El Diario de San Pedro | Noticias locales y regionales\" data-srcset=\"https:\/\/eldiariodesanpedro.com.ar\/sitio\/wp-content\/uploads\/2017\/03\/IMG_3409.jpg 714w, https:\/\/eldiariodesanpedro.com.ar\/sitio\/wp-content\/uploads\/2017\/03\/IMG_3409-300x186.jpg 300w\" data-sizes=\"(max-width: 640px) 100vw, 640px\" data-attachment-id=\"15925\" data-permalink=\"https:\/\/eldiariodesanpedro.com.ar\/sitio\/terminado-el-fin-de-semana-hubo-actividad-de-sampedrinos-en-la-federacion-norte-de-automovilismo-rally-federal-y-a-nivel-nacional-copa-bora-1-8t\/img_3409\/\" data-orig-file=\"https:\/\/eldiariodesanpedro.com.ar\/sitio\/wp-content\/uploads\/2017\/03\/IMG_3409.jpg\" data-orig-size=\"714,442\" data-comments-opened=\"1\" data-image-meta=\"{&quot;aperture&quot;:&quot;0&quot;,&quot;credit&quot;:&quot;&quot;,&quot;camera&quot;:&quot;&quot;,&quot;caption&quot;:&quot;&quot;,&quot;created_timestamp&quot;:&quot;0&quot;,&quot;copyright&quot;:&quot;&quot;,&quot;focal_length&quot;:&quot;0&quot;,&quot;iso&quot;:&quot;0&quot;,&quot;shutter_speed&quot;:&quot;0&quot;,&quot;title&quot;:&quot;&quot;,&quot;orientation&quot;:&quot;1&quot;}\" data-image-title=\"IMG_3409\" data-image-description=\"\" data-image-caption=\"\" data-large-file=\"https:\/\/eldiariodesanpedro.com.ar\/sitio\/wp-content\/uploads\/2017\/03\/IMG_3409.jpg\" src=\"data:image\/svg+xml;base64,PHN2ZyB3aWR0aD0iMSIgaGVpZ2h0PSIxIiB4bWxucz0iaHR0cDovL3d3dy53My5vcmcvMjAwMC9zdmciPjwvc3ZnPg==\" style=\"--smush-placeholder-width: 640px; --smush-placeholder-aspect-ratio: 640\/396;\" \/><\/a>\n\t\t\t<\/div><\/figure><figure class='gallery-item'>\n\t\t\t<div class='gallery-icon landscape'>\n\t\t\t\t<a href='https:\/\/eldiariodesanpedro.com.ar\/sitio\/terminado-el-fin-de-semana-hubo-actividad-de-sampedrinos-en-la-federacion-norte-de-automovilismo-rally-federal-y-a-nivel-nacional-copa-bora-1-8t\/img_3414\/'><img decoding=\"async\" width=\"640\" height=\"360\" data-src=\"https:\/\/eldiariodesanpedro.com.ar\/sitio\/wp-content\/uploads\/2017\/03\/IMG_3414.jpg\" class=\"attachment-large size-large lazyload\" alt=\"El Diario de San Pedro | Noticias locales y regionales\" data-srcset=\"https:\/\/eldiariodesanpedro.com.ar\/sitio\/wp-content\/uploads\/2017\/03\/IMG_3414.jpg 960w, https:\/\/eldiariodesanpedro.com.ar\/sitio\/wp-content\/uploads\/2017\/03\/IMG_3414-300x169.jpg 300w, https:\/\/eldiariodesanpedro.com.ar\/sitio\/wp-content\/uploads\/2017\/03\/IMG_3414-768x432.jpg 768w\" data-sizes=\"(max-width: 640px) 100vw, 640px\" data-attachment-id=\"15922\" data-permalink=\"https:\/\/eldiariodesanpedro.com.ar\/sitio\/terminado-el-fin-de-semana-hubo-actividad-de-sampedrinos-en-la-federacion-norte-de-automovilismo-rally-federal-y-a-nivel-nacional-copa-bora-1-8t\/img_3414\/\" data-orig-file=\"https:\/\/eldiariodesanpedro.com.ar\/sitio\/wp-content\/uploads\/2017\/03\/IMG_3414.jpg\" data-orig-size=\"960,540\" data-comments-opened=\"1\" data-image-meta=\"{&quot;aperture&quot;:&quot;0&quot;,&quot;credit&quot;:&quot;&quot;,&quot;camera&quot;:&quot;&quot;,&quot;caption&quot;:&quot;&quot;,&quot;created_timestamp&quot;:&quot;0&quot;,&quot;copyright&quot;:&quot;&quot;,&quot;focal_length&quot;:&quot;0&quot;,&quot;iso&quot;:&quot;0&quot;,&quot;shutter_speed&quot;:&quot;0&quot;,&quot;title&quot;:&quot;&quot;,&quot;orientation&quot;:&quot;1&quot;}\" data-image-title=\"IMG_3414\" data-image-description=\"\" data-image-caption=\"\" data-large-file=\"https:\/\/eldiariodesanpedro.com.ar\/sitio\/wp-content\/uploads\/2017\/03\/IMG_3414.jpg\" src=\"data:image\/svg+xml;base64,PHN2ZyB3aWR0aD0iMSIgaGVpZ2h0PSIxIiB4bWxucz0iaHR0cDovL3d3dy53My5vcmcvMjAwMC9zdmciPjwvc3ZnPg==\" style=\"--smush-placeholder-width: 640px; --smush-placeholder-aspect-ratio: 640\/360;\" \/><\/a>\n\t\t\t<\/div><\/figure><figure class='gallery-item'>\n\t\t\t<div class='gallery-icon landscape'>\n\t\t\t\t<a href='https:\/\/eldiariodesanpedro.com.ar\/sitio\/terminado-el-fin-de-semana-hubo-actividad-de-sampedrinos-en-la-federacion-norte-de-automovilismo-rally-federal-y-a-nivel-nacional-copa-bora-1-8t\/img_2975\/'><img decoding=\"async\" width=\"640\" height=\"480\" data-src=\"https:\/\/eldiariodesanpedro.com.ar\/sitio\/wp-content\/uploads\/2017\/03\/IMG_2975-1024x768.jpg\" class=\"attachment-large size-large lazyload\" alt=\"El Diario de San Pedro | Noticias locales y regionales\" data-srcset=\"https:\/\/eldiariodesanpedro.com.ar\/sitio\/wp-content\/uploads\/2017\/03\/IMG_2975-1024x768.jpg 1024w, https:\/\/eldiariodesanpedro.com.ar\/sitio\/wp-content\/uploads\/2017\/03\/IMG_2975-300x225.jpg 300w, https:\/\/eldiariodesanpedro.com.ar\/sitio\/wp-content\/uploads\/2017\/03\/IMG_2975-768x576.jpg 768w\" data-sizes=\"(max-width: 640px) 100vw, 640px\" data-attachment-id=\"15923\" data-permalink=\"https:\/\/eldiariodesanpedro.com.ar\/sitio\/terminado-el-fin-de-semana-hubo-actividad-de-sampedrinos-en-la-federacion-norte-de-automovilismo-rally-federal-y-a-nivel-nacional-copa-bora-1-8t\/img_2975\/\" data-orig-file=\"https:\/\/eldiariodesanpedro.com.ar\/sitio\/wp-content\/uploads\/2017\/03\/IMG_2975.jpg\" data-orig-size=\"4032,3024\" data-comments-opened=\"1\" data-image-meta=\"{&quot;aperture&quot;:&quot;0&quot;,&quot;credit&quot;:&quot;&quot;,&quot;camera&quot;:&quot;&quot;,&quot;caption&quot;:&quot;&quot;,&quot;created_timestamp&quot;:&quot;0&quot;,&quot;copyright&quot;:&quot;&quot;,&quot;focal_length&quot;:&quot;0&quot;,&quot;iso&quot;:&quot;0&quot;,&quot;shutter_speed&quot;:&quot;0&quot;,&quot;title&quot;:&quot;&quot;,&quot;orientation&quot;:&quot;1&quot;}\" data-image-title=\"IMG_2975\" data-image-description=\"\" data-image-caption=\"\" data-large-file=\"https:\/\/eldiariodesanpedro.com.ar\/sitio\/wp-content\/uploads\/2017\/03\/IMG_2975-1024x768.jpg\" src=\"data:image\/svg+xml;base64,PHN2ZyB3aWR0aD0iMSIgaGVpZ2h0PSIxIiB4bWxucz0iaHR0cDovL3d3dy53My5vcmcvMjAwMC9zdmciPjwvc3ZnPg==\" style=\"--smush-placeholder-width: 640px; --smush-placeholder-aspect-ratio: 640\/480;\" \/><\/a>\n\t\t\t<\/div><\/figure>\n\t\t<\/div>\n\n","protected":false},"excerpt":{"rendered":"<p>Empezando por FEDENOR, se disput\u00f3 la primera fecha en el circuito costanero de Arrecifes. Y en la divisional del TC Zonal, se llev\u00f3 una de las victorias Juan Manuel Iglesias, en su retorno a la pista con el auto campe\u00f3n 2016; seguido por su joven hermano Fernando \u201cMorro\u201d Iglesias. Y , completando el podio, el [&hellip;]<\/p>\n","protected":false},"author":4,"featured_media":15922,"comment_status":"open","ping_status":"closed","sticky":false,"template":"","format":"standard","meta":{"om_disable_all_campaigns":false,"_jetpack_memberships_contains_paid_content":false,"footnotes":""},"categories":[5],"tags":[],"class_list":["post-15921","post","type-post","status-publish","format-standard","has-post-thumbnail","hentry","category-deportes"],"aioseo_notices":[],"gutentor_comment":0,"jetpack_featured_media_url":"https:\/\/eldiariodesanpedro.com.ar\/sitio\/wp-content\/uploads\/2017\/03\/IMG_3414.jpg","jetpack_shortlink":"https:\/\/wp.me\/p6RhLt-48N","jetpack_sharing_enabled":true,"_links":{"self":[{"href":"https:\/\/eldiariodesanpedro.com.ar\/sitio\/wp-json\/wp\/v2\/posts\/15921","targetHints":{"allow":["GET"]}}],"collection":[{"href":"https:\/\/eldiariodesanpedro.com.ar\/sitio\/wp-json\/wp\/v2\/posts"}],"about":[{"href":"https:\/\/eldiariodesanpedro.com.ar\/sitio\/wp-json\/wp\/v2\/types\/post"}],"author":[{"embeddable":true,"href":"https:\/\/eldiariodesanpedro.com.ar\/sitio\/wp-json\/wp\/v2\/users\/4"}],"replies":[{"embeddable":true,"href":"https:\/\/eldiariodesanpedro.com.ar\/sitio\/wp-json\/wp\/v2\/comments?post=15921"}],"version-history":[{"count":2,"href":"https:\/\/eldiariodesanpedro.com.ar\/sitio\/wp-json\/wp\/v2\/posts\/15921\/revisions"}],"predecessor-version":[{"id":15927,"href":"https:\/\/eldiariodesanpedro.com.ar\/sitio\/wp-json\/wp\/v2\/posts\/15921\/revisions\/15927"}],"wp:featuredmedia":[{"embeddable":true,"href":"https:\/\/eldiariodesanpedro.com.ar\/sitio\/wp-json\/wp\/v2\/media\/15922"}],"wp:attachment":[{"href":"https:\/\/eldiariodesanpedro.com.ar\/sitio\/wp-json\/wp\/v2\/media?parent=15921"}],"wp:term":[{"taxonomy":"category","embeddable":true,"href":"https:\/\/eldiariodesanpedro.com.ar\/sitio\/wp-json\/wp\/v2\/categories?post=15921"},{"taxonomy":"post_tag","embeddable":true,"href":"https:\/\/eldiariodesanpedro.com.ar\/sitio\/wp-json\/wp\/v2\/tags?post=15921"}],"curies":[{"name":"wp","href":"https:\/\/api.w.org\/{rel}","templated":true}]}}