{"id":15914,"date":"2017-03-13T18:15:20","date_gmt":"2017-03-13T21:15:20","guid":{"rendered":"https:\/\/eldiariodesanpedro.com.ar\/sitio\/?p=15914"},"modified":"2026-01-23T23:14:32","modified_gmt":"2026-01-24T02:14:32","slug":"los-docentes-bonaerenses-extendieron-el-paro-y-este-martes-tampoco-hay-clases","status":"publish","type":"post","link":"https:\/\/eldiariodesanpedro.com.ar\/sitio\/los-docentes-bonaerenses-extendieron-el-paro-y-este-martes-tampoco-hay-clases\/","title":{"rendered":"Los docentes bonaerenses extendieron el paro y este martes tampoco hay clases"},"content":{"rendered":"<p><!-- VideographyWP Plugin Message: Automatic video embedding prevented by plugin options. --><br \/>\nLos gremios docentes de la provincia de Buenos Aires anunciaron que ante la falta de convocatoria del gobierno de Mar\u00eda Eugenia Vidal a unan ueva mesa de di\u00e1logo en el marco de la discusi\u00f3n paritaria dar\u00e1n continuidad al paro.<\/p>\n<p>Docentes de la Provincia ratifican al paro del mi\u00e9rcoles y jueves.<br \/>\nLa secretaria general de la Confederaci\u00f3n de Trabajadores de la Educaci\u00f3n (Ctera), Sonia Alesso, ratific\u00f3 el paro nacional docente para el mi\u00e9rcoles y jueves.<\/p>\n<p>Los gremios docentes de la provincia de Buenos Aires anunciaron que ante la falta de convocatoria del gobierno de Mar\u00eda Eugenia Vidal a unan ueva mesa de di\u00e1logo en el marco de la discusi\u00f3n paritaria dar\u00e1n continuidad al paro.<\/p>\n<p>\u00abHay un ausente en esta discusi\u00f3n que es el ministro de Educaci\u00f3n de la Naci\u00f3n (Esteban Bullrich) que no contesta, no dice por qu\u00e9 no se convoca a la paritaria nacional como el a\u00f1o pasado y las clases comenzaron con normalidad\u00bb, se\u00f1al\u00f3 Alesso en declaraciones radiales.<\/p>\n<p>En este sentido, la dirigente sindical explic\u00f3 que la paritaria federal \u00abest\u00e1 establecida por ley y uno de los puntos es fijar el piso nacional y los montos que la Naci\u00f3n env\u00eda a las provincias como coparticipaci\u00f3n para los fondos de la educaci\u00f3n, no s\u00f3lo para salarios sino tambi\u00e9n para infraestructura\u00bb. <\/p>\n<p>En referencia a la actitud de los gobernadores provinciales, Alesso se\u00f1al\u00f3 que \u00aben vez de escudarse en la paritaria nacional, los gobernadores deber\u00edan exigirle a Naci\u00f3n que no les tomen los fondos que les corresponden\u00bb. <\/p>\n<p>ara la secretaria general de los docentes nacionales, \u00abaceptar que no lleguen los fondos y que se incumpla la ley de financiamiento educativo aunque le lleguen los fondos por otro lado es violar una ley, entonces me parece que tiene que haber una defensa mayor de los gobernadores de una ley que votaron, porque esa ley provee de fondos federales a todas las provincias argentinas\u00bb.<\/p>\n<p>\u00abEs una sorpresa c\u00f3mo el Gobierno ha tomado la paritaria nacional docente en un intento de disciplinar a todos los que est\u00e9n dispuestos a pelear contra un techo del 18 por ciento\u00bb, remarc\u00f3.<\/p>\n<p>Para Alesso, \u00abel Gobierno tom\u00f3 una definici\u00f3n pol\u00edtica que fue no convocar a la paritaria nacional docente y hacer acuerdos con una parte de los gobernadores para que la paritaria est\u00e9 en el 18 por ciento\u00bb.<\/p>\n<p>\u00abEsto no funcion\u00f3 porque este 18 por ciento son 1.100 pesos, menos de lo que recibieron en la boleta de luz y gas\u00bb, compar\u00f3.<\/p>\n<p>Seg\u00fan la dirigente santafesina, \u00abel Gobierno cre\u00f3 la tormenta perfecta, niega la paritaria, no distribuye los fondos, incumple la ley del Congreso y le pone un techo a las negociaciones.\u00bb<\/p>\n<p>\u00abLos presupuestos educativos bajaron, la inversi\u00f3n educativa baj\u00f3, hay 50.000 becas menos en el presupuesto y la inversi\u00f3n en infraestructura tambi\u00e9n baj\u00f3\u00bb, asegur\u00f3.<\/p>\n<p>Respecto del conflicto en Santa Fe, cuyas negociaciones ser\u00e1n retomadas este lunes en la mesa de paritarias, la dirigente rosarina critic\u00f3 al gobernador Miguel Lifschitz al sostener \u00abque primero dijo que no iba a haber piso ni techo y despu\u00e9s nos ofrecen un 19 por ciento en dos partes\u00bb. <\/p>\n<p>\u00abMe parece que m\u00e1s all\u00e1 de las declaraciones -del gobernador-, lo concreto es que hay sinton\u00eda con el gobierno nacional para que las paritarias tengan techo\u00bb, concluy\u00f3.<\/p>\n<p>Fuente: Minuto Uno<\/p>\n","protected":false},"excerpt":{"rendered":"<p>Los gremios docentes de la provincia de Buenos Aires anunciaron que ante la falta de convocatoria del gobierno de Mar\u00eda Eugenia Vidal a unan ueva mesa de di\u00e1logo en el marco de la discusi\u00f3n paritaria dar\u00e1n continuidad al paro. Docentes de la Provincia ratifican al paro del mi\u00e9rcoles y jueves. La secretaria general de la [&hellip;]<\/p>\n","protected":false},"author":4,"featured_media":15916,"comment_status":"open","ping_status":"closed","sticky":false,"template":"","format":"standard","meta":{"om_disable_all_campaigns":false,"_jetpack_memberships_contains_paid_content":false,"footnotes":""},"categories":[3],"tags":[],"class_list":["post-15914","post","type-post","status-publish","format-standard","has-post-thumbnail","hentry","category-nacionales"],"aioseo_notices":[],"gutentor_comment":0,"jetpack_featured_media_url":"https:\/\/eldiariodesanpedro.com.ar\/sitio\/wp-content\/uploads\/2017\/03\/baradel.jpg","jetpack_shortlink":"https:\/\/wp.me\/p6RhLt-48G","jetpack_sharing_enabled":true,"_links":{"self":[{"href":"https:\/\/eldiariodesanpedro.com.ar\/sitio\/wp-json\/wp\/v2\/posts\/15914","targetHints":{"allow":["GET"]}}],"collection":[{"href":"https:\/\/eldiariodesanpedro.com.ar\/sitio\/wp-json\/wp\/v2\/posts"}],"about":[{"href":"https:\/\/eldiariodesanpedro.com.ar\/sitio\/wp-json\/wp\/v2\/types\/post"}],"author":[{"embeddable":true,"href":"https:\/\/eldiariodesanpedro.com.ar\/sitio\/wp-json\/wp\/v2\/users\/4"}],"replies":[{"embeddable":true,"href":"https:\/\/eldiariodesanpedro.com.ar\/sitio\/wp-json\/wp\/v2\/comments?post=15914"}],"version-history":[{"count":1,"href":"https:\/\/eldiariodesanpedro.com.ar\/sitio\/wp-json\/wp\/v2\/posts\/15914\/revisions"}],"predecessor-version":[{"id":15917,"href":"https:\/\/eldiariodesanpedro.com.ar\/sitio\/wp-json\/wp\/v2\/posts\/15914\/revisions\/15917"}],"wp:featuredmedia":[{"embeddable":true,"href":"https:\/\/eldiariodesanpedro.com.ar\/sitio\/wp-json\/wp\/v2\/media\/15916"}],"wp:attachment":[{"href":"https:\/\/eldiariodesanpedro.com.ar\/sitio\/wp-json\/wp\/v2\/media?parent=15914"}],"wp:term":[{"taxonomy":"category","embeddable":true,"href":"https:\/\/eldiariodesanpedro.com.ar\/sitio\/wp-json\/wp\/v2\/categories?post=15914"},{"taxonomy":"post_tag","embeddable":true,"href":"https:\/\/eldiariodesanpedro.com.ar\/sitio\/wp-json\/wp\/v2\/tags?post=15914"}],"curies":[{"name":"wp","href":"https:\/\/api.w.org\/{rel}","templated":true}]}}