{"id":15725,"date":"2017-03-09T08:37:11","date_gmt":"2017-03-09T11:37:11","guid":{"rendered":"https:\/\/eldiariodesanpedro.com.ar\/sitio\/?p=15725"},"modified":"2017-03-09T08:37:11","modified_gmt":"2017-03-09T11:37:11","slug":"se-realizo-una-allanamiento-y-se-secuestro-una-planta-de-marihuana","status":"publish","type":"post","link":"https:\/\/eldiariodesanpedro.com.ar\/sitio\/se-realizo-una-allanamiento-y-se-secuestro-una-planta-de-marihuana\/","title":{"rendered":"Se realiz\u00f3 una allanamiento y se secuestro una planta de marihuana"},"content":{"rendered":"<p><!-- VideographyWP Plugin Message: Automatic video embedding prevented by plugin options. --><br \/>\nEn horas del d\u00eda de ayer por parte de la delegaci\u00f3n departamental de Drogas Il\u00edcitas y Cr\u00edmenes Organizados de San Pedro, llevo a cabo un allanamiento en un domicilio ubicado en Calle Mitre de la localidad de Gobernador Castro donde se secuestro una planta de marihuana, a pesar del mismo no se realizaron aprehensiones. Intervino la UFI N\u00b05. <\/p>\n","protected":false},"excerpt":{"rendered":"<p>En horas del d\u00eda de ayer por parte de la delegaci\u00f3n departamental de Drogas Il\u00edcitas y Cr\u00edmenes Organizados de San Pedro, llevo a cabo un allanamiento en un domicilio ubicado en Calle Mitre de la localidad de Gobernador Castro donde se secuestro una planta de marihuana, a pesar del mismo no se realizaron aprehensiones. Intervino [&hellip;]<\/p>\n","protected":false},"author":4,"featured_media":15726,"comment_status":"open","ping_status":"closed","sticky":false,"template":"","format":"standard","meta":{"om_disable_all_campaigns":false,"_jetpack_memberships_contains_paid_content":false,"footnotes":""},"categories":[2,103],"tags":[],"class_list":["post-15725","post","type-post","status-publish","format-standard","has-post-thumbnail","hentry","category-locales","category-policiales-locales"],"aioseo_notices":[],"gutentor_comment":0,"jetpack_featured_media_url":"https:\/\/eldiariodesanpedro.com.ar\/sitio\/wp-content\/uploads\/2017\/03\/planta-acabada-de-trasplantar-a-11l.jpg","jetpack_shortlink":"https:\/\/wp.me\/p6RhLt-45D","jetpack_sharing_enabled":true,"_links":{"self":[{"href":"https:\/\/eldiariodesanpedro.com.ar\/sitio\/wp-json\/wp\/v2\/posts\/15725","targetHints":{"allow":["GET"]}}],"collection":[{"href":"https:\/\/eldiariodesanpedro.com.ar\/sitio\/wp-json\/wp\/v2\/posts"}],"about":[{"href":"https:\/\/eldiariodesanpedro.com.ar\/sitio\/wp-json\/wp\/v2\/types\/post"}],"author":[{"embeddable":true,"href":"https:\/\/eldiariodesanpedro.com.ar\/sitio\/wp-json\/wp\/v2\/users\/4"}],"replies":[{"embeddable":true,"href":"https:\/\/eldiariodesanpedro.com.ar\/sitio\/wp-json\/wp\/v2\/comments?post=15725"}],"version-history":[{"count":1,"href":"https:\/\/eldiariodesanpedro.com.ar\/sitio\/wp-json\/wp\/v2\/posts\/15725\/revisions"}],"predecessor-version":[{"id":15727,"href":"https:\/\/eldiariodesanpedro.com.ar\/sitio\/wp-json\/wp\/v2\/posts\/15725\/revisions\/15727"}],"wp:featuredmedia":[{"embeddable":true,"href":"https:\/\/eldiariodesanpedro.com.ar\/sitio\/wp-json\/wp\/v2\/media\/15726"}],"wp:attachment":[{"href":"https:\/\/eldiariodesanpedro.com.ar\/sitio\/wp-json\/wp\/v2\/media?parent=15725"}],"wp:term":[{"taxonomy":"category","embeddable":true,"href":"https:\/\/eldiariodesanpedro.com.ar\/sitio\/wp-json\/wp\/v2\/categories?post=15725"},{"taxonomy":"post_tag","embeddable":true,"href":"https:\/\/eldiariodesanpedro.com.ar\/sitio\/wp-json\/wp\/v2\/tags?post=15725"}],"curies":[{"name":"wp","href":"https:\/\/api.w.org\/{rel}","templated":true}]}}