{"id":15453,"date":"2017-03-02T18:52:58","date_gmt":"2017-03-02T21:52:58","guid":{"rendered":"https:\/\/eldiariodesanpedro.com.ar\/sitio\/?p=15453"},"modified":"2017-03-02T18:52:58","modified_gmt":"2017-03-02T21:52:58","slug":"zarate-remisero-detenido-por-violar-a-una-menor","status":"publish","type":"post","link":"https:\/\/eldiariodesanpedro.com.ar\/sitio\/zarate-remisero-detenido-por-violar-a-una-menor\/","title":{"rendered":"Z\u00e1rate: Remisero detenido por violar a una menor"},"content":{"rendered":"<p><!-- VideographyWP Plugin Message: Automatic video embedding prevented by plugin options. --><br \/>\nEl hecho ocurri\u00f3 en la madrugada del mi\u00e9rcoles, cuando aparentemente el remisero llevaba a la menor a su casa luego de que ella saliera del boliche.<\/p>\n<p>El agresor detuvo su marcha y habr\u00eda acusado fallas mec\u00e1nicas en su auto que nunca ocurrieron, para descender del mismo y volver a incorporarse por la parte de atr\u00e1s. Y as\u00ed comenzar con la agresi\u00f3n a la menor.<\/p>\n<p>Luego dej\u00f3 a la v\u00edctima abandonada a seis cuadras de su casa y se fue del lugar. Horas despu\u00e9s lo detuvieron y procedieron al secuestro del veh\u00edculo Chevrolet Corsa de color verde y patente CXN 495.<\/p>\n<p>Familiares y amigos organizan, para esta tarde, un \u201cescrache\u201d frente a la agencia para las 17:00 hs.<\/p>\n<p>Desde la remiseria declaro el encargado.<br \/>\nEntre las declaraciones que efectu\u00f3 el encargado destacamos algunas \u201cSi bien el hecho fue a la madrugada del mi\u00e9rcoles, nos enteramos del hecho cuando personal la polic\u00eda de la mujer se acerco a la agencia al mediod\u00eda y nos cont\u00f3 lo que hab\u00eda sucedido\u201d. \u201cAh\u00ed entregamos todas las pruebas a la comisaria como las filmaciones de nuestras c\u00e1maras de seguridad, la planilla diaria que tenemos con los detalles de los m\u00f3viles que est\u00e1n trabajando, con el n\u00famero del coche, conductor, licencia de conducir y todos los datos.\u201d<\/p>\n<p>\u201cLuego hablamos en la comisaria primera y le dijimos que vengan a buscar al acusado que ya hab\u00eda venido a seguir trabajando y se nos pidi\u00f3 que no digiramos nada, hasta que el fiscal no de la orden de detenci\u00f3n, fue bravo para nosotros porque sab\u00edamos de la acusaci\u00f3n a este muchacho y no quer\u00edamos que contin\u00fae trabajado hasta que se aclaren los hechos.\u201d<\/p>\n<p>Despu\u00e9s de varias horas a las 23 hs fue detenido el chofer.<\/p>\n<p>\u201cNosotros queremos aclarar que no defendemos a esta acusado, solamente respetamos lo que nos dijeron desde la comisaria y la fiscal\u00eda. Queremos que esto termine y que el resto de todos los ch\u00f3feres puedan salir a trabajar normalmente.\u201d<\/p>\n<p>Fuente: Zarate Alerta (<a href=\"http:\/\/www.zaratealerta.com.ar\">www.zaratealerta.com.ar<\/a>)<\/p>\n","protected":false},"excerpt":{"rendered":"<p>El hecho ocurri\u00f3 en la madrugada del mi\u00e9rcoles, cuando aparentemente el remisero llevaba a la menor a su casa luego de que ella saliera del boliche. El agresor detuvo su marcha y habr\u00eda acusado fallas mec\u00e1nicas en su auto que nunca ocurrieron, para descender del mismo y volver a incorporarse por la parte de atr\u00e1s. [&hellip;]<\/p>\n","protected":false},"author":4,"featured_media":15454,"comment_status":"open","ping_status":"closed","sticky":false,"template":"","format":"standard","meta":{"om_disable_all_campaigns":false,"_jetpack_memberships_contains_paid_content":false,"footnotes":""},"categories":[621],"tags":[],"class_list":["post-15453","post","type-post","status-publish","format-standard","has-post-thumbnail","hentry","category-regionales"],"aioseo_notices":[],"gutentor_comment":0,"jetpack_featured_media_url":"https:\/\/eldiariodesanpedro.com.ar\/sitio\/wp-content\/uploads\/2017\/03\/remiseria-noya-03.jpg","jetpack_shortlink":"https:\/\/wp.me\/p6RhLt-41f","jetpack_sharing_enabled":true,"_links":{"self":[{"href":"https:\/\/eldiariodesanpedro.com.ar\/sitio\/wp-json\/wp\/v2\/posts\/15453","targetHints":{"allow":["GET"]}}],"collection":[{"href":"https:\/\/eldiariodesanpedro.com.ar\/sitio\/wp-json\/wp\/v2\/posts"}],"about":[{"href":"https:\/\/eldiariodesanpedro.com.ar\/sitio\/wp-json\/wp\/v2\/types\/post"}],"author":[{"embeddable":true,"href":"https:\/\/eldiariodesanpedro.com.ar\/sitio\/wp-json\/wp\/v2\/users\/4"}],"replies":[{"embeddable":true,"href":"https:\/\/eldiariodesanpedro.com.ar\/sitio\/wp-json\/wp\/v2\/comments?post=15453"}],"version-history":[{"count":1,"href":"https:\/\/eldiariodesanpedro.com.ar\/sitio\/wp-json\/wp\/v2\/posts\/15453\/revisions"}],"predecessor-version":[{"id":15455,"href":"https:\/\/eldiariodesanpedro.com.ar\/sitio\/wp-json\/wp\/v2\/posts\/15453\/revisions\/15455"}],"wp:featuredmedia":[{"embeddable":true,"href":"https:\/\/eldiariodesanpedro.com.ar\/sitio\/wp-json\/wp\/v2\/media\/15454"}],"wp:attachment":[{"href":"https:\/\/eldiariodesanpedro.com.ar\/sitio\/wp-json\/wp\/v2\/media?parent=15453"}],"wp:term":[{"taxonomy":"category","embeddable":true,"href":"https:\/\/eldiariodesanpedro.com.ar\/sitio\/wp-json\/wp\/v2\/categories?post=15453"},{"taxonomy":"post_tag","embeddable":true,"href":"https:\/\/eldiariodesanpedro.com.ar\/sitio\/wp-json\/wp\/v2\/tags?post=15453"}],"curies":[{"name":"wp","href":"https:\/\/api.w.org\/{rel}","templated":true}]}}