{"id":15450,"date":"2017-03-02T18:36:15","date_gmt":"2017-03-02T21:36:15","guid":{"rendered":"https:\/\/eldiariodesanpedro.com.ar\/sitio\/?p=15450"},"modified":"2017-03-02T18:36:15","modified_gmt":"2017-03-02T21:36:15","slug":"zarate-en-el-barrio-villa-carmencita-no-pasa-el-recolector-de-residuos-desde-el-viernes","status":"publish","type":"post","link":"https:\/\/eldiariodesanpedro.com.ar\/sitio\/zarate-en-el-barrio-villa-carmencita-no-pasa-el-recolector-de-residuos-desde-el-viernes\/","title":{"rendered":"Z\u00e1rate: En el barrio Villa Carmencita no pasa el recolector de residuos desde el viernes"},"content":{"rendered":"<p><!-- VideographyWP Plugin Message: Automatic video embedding prevented by plugin options. --><br \/>\nLos vecinos se quejan porque hace 5 d\u00edas que no pasa el cami\u00f3n de la basura. Las bolsas se siguen amontonando en las veredas porque los canastos no tienen m\u00e1s lugar.<br \/>\nManifiestan el enojo porque \u201ccada dos por tres pasa lo mismo y es una incertidumbre la que pasamos en el barrio\u201d.<br \/>\nUn vecino nos menciona: \u201cEl domingo obviamente que no pasan, el lunes y martes fueron feriados y es comprensible, pero no entendemos porque el s\u00e1bado no pasaron y tampoco lo hicieron hoy mi\u00e9rcoles en lo que va del d\u00eda\u201d.<br \/>\nLa imagen de la nota fue tomada en calle Dorrego, donde se puede apreciar un canasto de basura repleto de bolsas con residuos y varias bolsas que debieron ser amontonadas en el piso.<br \/>\nTambi\u00e9n afirman que \u201ces responsabilidad del Intendente Osvaldo C\u00e1ffaro porque fue \u00e9l quien termin\u00f3 eligiendo a esta empresa para que se haga cargo de la recolecci\u00f3n de residuos en Z\u00e1rate\u201d.<\/p>\n<p>Fuente: Zarate Alerta (www.zaratealerta.com.ar)<\/p>\n","protected":false},"excerpt":{"rendered":"<p>Los vecinos se quejan porque hace 5 d\u00edas que no pasa el cami\u00f3n de la basura. Las bolsas se siguen amontonando en las veredas porque los canastos no tienen m\u00e1s lugar. Manifiestan el enojo porque \u201ccada dos por tres pasa lo mismo y es una incertidumbre la que pasamos en el barrio\u201d. Un vecino nos [&hellip;]<\/p>\n","protected":false},"author":4,"featured_media":15451,"comment_status":"open","ping_status":"closed","sticky":false,"template":"","format":"standard","meta":{"om_disable_all_campaigns":false,"_jetpack_memberships_contains_paid_content":false,"footnotes":""},"categories":[621],"tags":[],"class_list":["post-15450","post","type-post","status-publish","format-standard","has-post-thumbnail","hentry","category-regionales"],"aioseo_notices":[],"gutentor_comment":0,"jetpack_featured_media_url":"https:\/\/eldiariodesanpedro.com.ar\/sitio\/wp-content\/uploads\/2017\/03\/basura-calle-2-750x350.jpg","jetpack_shortlink":"https:\/\/wp.me\/p6RhLt-41c","jetpack_sharing_enabled":true,"_links":{"self":[{"href":"https:\/\/eldiariodesanpedro.com.ar\/sitio\/wp-json\/wp\/v2\/posts\/15450","targetHints":{"allow":["GET"]}}],"collection":[{"href":"https:\/\/eldiariodesanpedro.com.ar\/sitio\/wp-json\/wp\/v2\/posts"}],"about":[{"href":"https:\/\/eldiariodesanpedro.com.ar\/sitio\/wp-json\/wp\/v2\/types\/post"}],"author":[{"embeddable":true,"href":"https:\/\/eldiariodesanpedro.com.ar\/sitio\/wp-json\/wp\/v2\/users\/4"}],"replies":[{"embeddable":true,"href":"https:\/\/eldiariodesanpedro.com.ar\/sitio\/wp-json\/wp\/v2\/comments?post=15450"}],"version-history":[{"count":1,"href":"https:\/\/eldiariodesanpedro.com.ar\/sitio\/wp-json\/wp\/v2\/posts\/15450\/revisions"}],"predecessor-version":[{"id":15452,"href":"https:\/\/eldiariodesanpedro.com.ar\/sitio\/wp-json\/wp\/v2\/posts\/15450\/revisions\/15452"}],"wp:featuredmedia":[{"embeddable":true,"href":"https:\/\/eldiariodesanpedro.com.ar\/sitio\/wp-json\/wp\/v2\/media\/15451"}],"wp:attachment":[{"href":"https:\/\/eldiariodesanpedro.com.ar\/sitio\/wp-json\/wp\/v2\/media?parent=15450"}],"wp:term":[{"taxonomy":"category","embeddable":true,"href":"https:\/\/eldiariodesanpedro.com.ar\/sitio\/wp-json\/wp\/v2\/categories?post=15450"},{"taxonomy":"post_tag","embeddable":true,"href":"https:\/\/eldiariodesanpedro.com.ar\/sitio\/wp-json\/wp\/v2\/tags?post=15450"}],"curies":[{"name":"wp","href":"https:\/\/api.w.org\/{rel}","templated":true}]}}