{"id":15447,"date":"2017-03-02T18:22:57","date_gmt":"2017-03-02T21:22:57","guid":{"rendered":"https:\/\/eldiariodesanpedro.com.ar\/sitio\/?p=15447"},"modified":"2017-03-02T18:22:57","modified_gmt":"2017-03-02T21:22:57","slug":"san-nicolas-350-suspensiones-de-general-motors-impactan-fuertemente-en-la-region","status":"publish","type":"post","link":"https:\/\/eldiariodesanpedro.com.ar\/sitio\/san-nicolas-350-suspensiones-de-general-motors-impactan-fuertemente-en-la-region\/","title":{"rendered":"San Nicol\u00e1s: 350 suspensiones de General Motors impactan fuertemente en la regi\u00f3n"},"content":{"rendered":"<p><!-- VideographyWP Plugin Message: Automatic video embedding prevented by plugin options. --><br \/>\nLas notificaciones llegar\u00edan en las pr\u00f3ximas horas. Los trabajadores se encuentran expectantes ante la incertidumbre laboral. Las suspensiones ser\u00e1n por nueve meses, y habr\u00eda decenas de nicole\u00f1os afectados. Los tres primeros meses, se abonar\u00e1 a los damnificados el 80 % del sueldo de bolsillo. As\u00ed lo asegur\u00f3 en di\u00e1logo con EL NORTE, el secretario general de Smata Rosario, Marcelo Barros.<\/p>\n<p>La automotriz General Motors (GM) decidi\u00f3 suspender a 350 trabajadores de su planta de General Alvear por el t\u00e9rmino de nueve meses. Las notificaciones llegar\u00edan en las pr\u00f3ximas horas para hacer efectiva la medida desde la semana que viene. En di\u00e1logo exclusivo con este medio, el secretario general del Sindicato de Mec\u00e1nicos y Afines (Smata) Rosario, Marcelo Barros, indic\u00f3 ayer que los primeros 90 d\u00edas se abonar\u00e1 a los damnificados el 80 por ciento del sueldo de bolsillo.<\/p>\n<p>\u201cSe trata de 350 suspensiones por nueve meses, estamos viendo si esto mejora. Si se reactiva, estar\u00e1 la posibilidad de que los compa\u00f1eros queden, si no, no s\u00e9 que va a pasar. Por lo menos nueve meses m\u00e1s de vida\u2026 Esto est\u00e1 muy complicado\u201d, analiz\u00f3 el gremialista. <\/p>\n<p>\u201cEsto se est\u00e1 complicando mucho\u201d<\/p>\n<p>Barros precis\u00f3: \u201cLos primeros tres meses, se abonar\u00e1 80 por ciento del sueldo de bolsillo, casi todo. Estamos discutiendo el resto. Por lo menos sacamos del escenario pr\u00f3ximo, los despidos\u201d.<\/p>\n<p>En principio iban a ser 400 despidos, pero tras la intervenci\u00f3n del sindicato del sector, la medida se convirti\u00f3 por el momento en 350 suspensiones. La empresa emplea hoy a 2.300 trabajadores.<\/p>\n<p>Sobre la situaci\u00f3n que provoca este desenlace, evalu\u00f3: \u201cEl Classic y el Agile se sacaron en noviembre y diciembre pasados. Qued\u00f3 solo el Cruze II. Se hac\u00edan 17 autos por hora, ahora se har\u00e1n 15 o 13. En dos partes de la planta pusieron robots, achicaron personal. Y se suma la recesi\u00f3n grande de Brasil\u2026 y la gente queda sin laburo. Si no mejora Brasil&#8230; El gobierno tiene que venir al interior, a ver los problemas que tenemos nosotros, UOM, textiles, calzado, la madera. Esto se est\u00e1 complicando mucho, si no se da un giro\u2026 Despu\u00e9s del 6 y 7, la CGT va a tener que hacer un paro contundente, no queda otra. Ma\u00f1ana (por hoy) vamos a hacer un movimiento en Rosario, en el Ministerio de Sarmiento y Rioja, reclamando apoyo de la Naci\u00f3n a la industria\u201d.<\/p>\n","protected":false},"excerpt":{"rendered":"<p>Las notificaciones llegar\u00edan en las pr\u00f3ximas horas. Los trabajadores se encuentran expectantes ante la incertidumbre laboral. Las suspensiones ser\u00e1n por nueve meses, y habr\u00eda decenas de nicole\u00f1os afectados. Los tres primeros meses, se abonar\u00e1 a los damnificados el 80 % del sueldo de bolsillo. As\u00ed lo asegur\u00f3 en di\u00e1logo con EL NORTE, el secretario general [&hellip;]<\/p>\n","protected":false},"author":4,"featured_media":15448,"comment_status":"open","ping_status":"closed","sticky":false,"template":"","format":"standard","meta":{"om_disable_all_campaigns":false,"_jetpack_memberships_contains_paid_content":false,"footnotes":""},"categories":[621],"tags":[],"class_list":["post-15447","post","type-post","status-publish","format-standard","has-post-thumbnail","hentry","category-regionales"],"aioseo_notices":[],"gutentor_comment":0,"jetpack_featured_media_url":"https:\/\/eldiariodesanpedro.com.ar\/sitio\/wp-content\/uploads\/2017\/03\/general-motors-dos.jpg","jetpack_shortlink":"https:\/\/wp.me\/p6RhLt-419","jetpack_sharing_enabled":true,"_links":{"self":[{"href":"https:\/\/eldiariodesanpedro.com.ar\/sitio\/wp-json\/wp\/v2\/posts\/15447","targetHints":{"allow":["GET"]}}],"collection":[{"href":"https:\/\/eldiariodesanpedro.com.ar\/sitio\/wp-json\/wp\/v2\/posts"}],"about":[{"href":"https:\/\/eldiariodesanpedro.com.ar\/sitio\/wp-json\/wp\/v2\/types\/post"}],"author":[{"embeddable":true,"href":"https:\/\/eldiariodesanpedro.com.ar\/sitio\/wp-json\/wp\/v2\/users\/4"}],"replies":[{"embeddable":true,"href":"https:\/\/eldiariodesanpedro.com.ar\/sitio\/wp-json\/wp\/v2\/comments?post=15447"}],"version-history":[{"count":1,"href":"https:\/\/eldiariodesanpedro.com.ar\/sitio\/wp-json\/wp\/v2\/posts\/15447\/revisions"}],"predecessor-version":[{"id":15449,"href":"https:\/\/eldiariodesanpedro.com.ar\/sitio\/wp-json\/wp\/v2\/posts\/15447\/revisions\/15449"}],"wp:featuredmedia":[{"embeddable":true,"href":"https:\/\/eldiariodesanpedro.com.ar\/sitio\/wp-json\/wp\/v2\/media\/15448"}],"wp:attachment":[{"href":"https:\/\/eldiariodesanpedro.com.ar\/sitio\/wp-json\/wp\/v2\/media?parent=15447"}],"wp:term":[{"taxonomy":"category","embeddable":true,"href":"https:\/\/eldiariodesanpedro.com.ar\/sitio\/wp-json\/wp\/v2\/categories?post=15447"},{"taxonomy":"post_tag","embeddable":true,"href":"https:\/\/eldiariodesanpedro.com.ar\/sitio\/wp-json\/wp\/v2\/tags?post=15447"}],"curies":[{"name":"wp","href":"https:\/\/api.w.org\/{rel}","templated":true}]}}