{"id":15437,"date":"2017-03-02T12:43:44","date_gmt":"2017-03-02T15:43:44","guid":{"rendered":"https:\/\/eldiariodesanpedro.com.ar\/sitio\/?p=15437"},"modified":"2017-03-02T12:43:44","modified_gmt":"2017-03-02T15:43:44","slug":"una-motocicleta-colisiono-a-una-nina-en-el-centro-de-la-ciudad","status":"publish","type":"post","link":"https:\/\/eldiariodesanpedro.com.ar\/sitio\/una-motocicleta-colisiono-a-una-nina-en-el-centro-de-la-ciudad\/","title":{"rendered":"Una motocicleta colision\u00f3 a una ni\u00f1a en el centro de la ciudad"},"content":{"rendered":"<p><!-- VideographyWP Plugin Message: Automatic video embedding prevented by plugin options. --><br \/>\nEn la ma\u00f1ana de hoy alrededor de las 11:45 hs se produjo un accidente en calle Mitre entre Obligado y Las Heras que involucr\u00f3 a una ni\u00f1a de 5 a\u00f1os quien fue colisionada por una motocicleta 110 cc conducida por una mujer de alrededor de 30 a\u00f1os a quien se la vio muy afligida por la situaci\u00f3n que nos cont\u00f3 que la nena se cruzo la calle sin mirar y no le dio tiempo a frenar. <\/p>\n<p>Los testigos del accidente afirman que la moto ven\u00eda a baja velocidad y llevaban casco los dos ocupantes del rodado. <\/p>\n<p>La ni\u00f1a fue trasladada al nosocomio local donde se pudo asegurar que s\u00f3lo sufri\u00f3 golpes y un buen susto.<\/p>\n","protected":false},"excerpt":{"rendered":"<p>En la ma\u00f1ana de hoy alrededor de las 11:45 hs se produjo un accidente en calle Mitre entre Obligado y Las Heras que involucr\u00f3 a una ni\u00f1a de 5 a\u00f1os quien fue colisionada por una motocicleta 110 cc conducida por una mujer de alrededor de 30 a\u00f1os a quien se la vio muy afligida por [&hellip;]<\/p>\n","protected":false},"author":4,"featured_media":15439,"comment_status":"open","ping_status":"closed","sticky":false,"template":"","format":"standard","meta":{"om_disable_all_campaigns":false,"_jetpack_memberships_contains_paid_content":false,"footnotes":""},"categories":[50,2,103],"tags":[],"class_list":["post-15437","post","type-post","status-publish","format-standard","has-post-thumbnail","hentry","category-destacadas","category-locales","category-policiales-locales"],"aioseo_notices":[],"gutentor_comment":0,"jetpack_featured_media_url":"https:\/\/eldiariodesanpedro.com.ar\/sitio\/wp-content\/uploads\/2017\/03\/IMG_20170302_115427474_HDR-e1488469384646.jpg","jetpack_shortlink":"https:\/\/wp.me\/p6RhLt-40Z","jetpack_sharing_enabled":true,"_links":{"self":[{"href":"https:\/\/eldiariodesanpedro.com.ar\/sitio\/wp-json\/wp\/v2\/posts\/15437","targetHints":{"allow":["GET"]}}],"collection":[{"href":"https:\/\/eldiariodesanpedro.com.ar\/sitio\/wp-json\/wp\/v2\/posts"}],"about":[{"href":"https:\/\/eldiariodesanpedro.com.ar\/sitio\/wp-json\/wp\/v2\/types\/post"}],"author":[{"embeddable":true,"href":"https:\/\/eldiariodesanpedro.com.ar\/sitio\/wp-json\/wp\/v2\/users\/4"}],"replies":[{"embeddable":true,"href":"https:\/\/eldiariodesanpedro.com.ar\/sitio\/wp-json\/wp\/v2\/comments?post=15437"}],"version-history":[{"count":2,"href":"https:\/\/eldiariodesanpedro.com.ar\/sitio\/wp-json\/wp\/v2\/posts\/15437\/revisions"}],"predecessor-version":[{"id":15440,"href":"https:\/\/eldiariodesanpedro.com.ar\/sitio\/wp-json\/wp\/v2\/posts\/15437\/revisions\/15440"}],"wp:featuredmedia":[{"embeddable":true,"href":"https:\/\/eldiariodesanpedro.com.ar\/sitio\/wp-json\/wp\/v2\/media\/15439"}],"wp:attachment":[{"href":"https:\/\/eldiariodesanpedro.com.ar\/sitio\/wp-json\/wp\/v2\/media?parent=15437"}],"wp:term":[{"taxonomy":"category","embeddable":true,"href":"https:\/\/eldiariodesanpedro.com.ar\/sitio\/wp-json\/wp\/v2\/categories?post=15437"},{"taxonomy":"post_tag","embeddable":true,"href":"https:\/\/eldiariodesanpedro.com.ar\/sitio\/wp-json\/wp\/v2\/tags?post=15437"}],"curies":[{"name":"wp","href":"https:\/\/api.w.org\/{rel}","templated":true}]}}