{"id":15431,"date":"2017-03-02T11:23:49","date_gmt":"2017-03-02T14:23:49","guid":{"rendered":"https:\/\/eldiariodesanpedro.com.ar\/sitio\/?p=15431"},"modified":"2017-03-02T11:37:35","modified_gmt":"2017-03-02T14:37:35","slug":"habria-aparecido-nicolas-chaparro","status":"publish","type":"post","link":"https:\/\/eldiariodesanpedro.com.ar\/sitio\/habria-aparecido-nicolas-chaparro\/","title":{"rendered":"Habria aparecido Nicol\u00e1s Chaparro"},"content":{"rendered":"<p><!-- VideographyWP Plugin Message: Automatic video embedding prevented by plugin options. --><br \/>\nEl joven de 21 a\u00f1os de edad que hab\u00eda desaparecido en el d\u00eda de ayer al mediod\u00eda habr\u00eda aparecido hoy en horas de  la ma\u00f1ana.<\/p>\n<p>Si bien no se conocen los detalles habr\u00eda sido encontrado en la zona de islas, todav\u00eda tambi\u00e9n se desconoce los motivos por que no aviso a su familia o los motivos de su partida. <\/p>\n<p>Prefectura se dirige hacia donde se encuentra para corroborar esta informaci\u00f3n y de ser as\u00ed traerlo a la ciudad. Si bien la familia asegura que si estaria en la isla desde las autoridades esperan confirmaci\u00f3n.<\/p>\n<p>Ampliaremos la noticias.<\/p>\n","protected":false},"excerpt":{"rendered":"<p>El joven de 21 a\u00f1os de edad que hab\u00eda desaparecido en el d\u00eda de ayer al mediod\u00eda habr\u00eda aparecido hoy en horas de la ma\u00f1ana. Si bien no se conocen los detalles habr\u00eda sido encontrado en la zona de islas, todav\u00eda tambi\u00e9n se desconoce los motivos por que no aviso a su familia o los [&hellip;]<\/p>\n","protected":false},"author":4,"featured_media":15421,"comment_status":"open","ping_status":"closed","sticky":false,"template":"","format":"standard","meta":{"om_disable_all_campaigns":false,"_jetpack_memberships_contains_paid_content":false,"footnotes":""},"categories":[50,101,2],"tags":[],"class_list":["post-15431","post","type-post","status-publish","format-standard","has-post-thumbnail","hentry","category-destacadas","category-interes-general-locales","category-locales"],"aioseo_notices":[],"gutentor_comment":0,"jetpack_featured_media_url":"https:\/\/eldiariodesanpedro.com.ar\/sitio\/wp-content\/uploads\/2017\/03\/IMG_20170302_002006.jpg","jetpack_shortlink":"https:\/\/wp.me\/p6RhLt-40T","jetpack_sharing_enabled":true,"_links":{"self":[{"href":"https:\/\/eldiariodesanpedro.com.ar\/sitio\/wp-json\/wp\/v2\/posts\/15431","targetHints":{"allow":["GET"]}}],"collection":[{"href":"https:\/\/eldiariodesanpedro.com.ar\/sitio\/wp-json\/wp\/v2\/posts"}],"about":[{"href":"https:\/\/eldiariodesanpedro.com.ar\/sitio\/wp-json\/wp\/v2\/types\/post"}],"author":[{"embeddable":true,"href":"https:\/\/eldiariodesanpedro.com.ar\/sitio\/wp-json\/wp\/v2\/users\/4"}],"replies":[{"embeddable":true,"href":"https:\/\/eldiariodesanpedro.com.ar\/sitio\/wp-json\/wp\/v2\/comments?post=15431"}],"version-history":[{"count":4,"href":"https:\/\/eldiariodesanpedro.com.ar\/sitio\/wp-json\/wp\/v2\/posts\/15431\/revisions"}],"predecessor-version":[{"id":15435,"href":"https:\/\/eldiariodesanpedro.com.ar\/sitio\/wp-json\/wp\/v2\/posts\/15431\/revisions\/15435"}],"wp:featuredmedia":[{"embeddable":true,"href":"https:\/\/eldiariodesanpedro.com.ar\/sitio\/wp-json\/wp\/v2\/media\/15421"}],"wp:attachment":[{"href":"https:\/\/eldiariodesanpedro.com.ar\/sitio\/wp-json\/wp\/v2\/media?parent=15431"}],"wp:term":[{"taxonomy":"category","embeddable":true,"href":"https:\/\/eldiariodesanpedro.com.ar\/sitio\/wp-json\/wp\/v2\/categories?post=15431"},{"taxonomy":"post_tag","embeddable":true,"href":"https:\/\/eldiariodesanpedro.com.ar\/sitio\/wp-json\/wp\/v2\/tags?post=15431"}],"curies":[{"name":"wp","href":"https:\/\/api.w.org\/{rel}","templated":true}]}}