{"id":15428,"date":"2017-03-02T10:59:13","date_gmt":"2017-03-02T13:59:13","guid":{"rendered":"https:\/\/eldiariodesanpedro.com.ar\/sitio\/?p=15428"},"modified":"2017-03-02T10:59:13","modified_gmt":"2017-03-02T13:59:13","slug":"lavadero-nuevo-en-santa-lucia","status":"publish","type":"post","link":"https:\/\/eldiariodesanpedro.com.ar\/sitio\/lavadero-nuevo-en-santa-lucia\/","title":{"rendered":"Lavadero nuevo en Santa Luc\u00eda"},"content":{"rendered":"<p><!-- VideographyWP Plugin Message: Automatic video embedding prevented by plugin options. --><br \/>\nEste jueves 2 de marzo fue entregada por el Intendente. <\/p>\n<p>En los pr\u00f3ximos d\u00edas, cuando el equipamiento se ponga funcionamiento, el Hospital \/ Geri\u00e1trico de Santa Luc\u00eda contar\u00e1 con una nueva y refaccionada sala de lavado equipada con una lavadora industrial valuada en $105.000 y una centrifugadora de $82.900.<\/p>\n<p>Gracias a estas herramientas ahora los trabajadores cumplen con su labor con m\u00e1s seguridad y pueden ofrecer mejor servicio a los pacientes. <\/p>\n","protected":false},"excerpt":{"rendered":"<p>Este jueves 2 de marzo fue entregada por el Intendente. En los pr\u00f3ximos d\u00edas, cuando el equipamiento se ponga funcionamiento, el Hospital \/ Geri\u00e1trico de Santa Luc\u00eda contar\u00e1 con una nueva y refaccionada sala de lavado equipada con una lavadora industrial valuada en $105.000 y una centrifugadora de $82.900. Gracias a estas herramientas ahora los [&hellip;]<\/p>\n","protected":false},"author":4,"featured_media":15429,"comment_status":"open","ping_status":"closed","sticky":false,"template":"","format":"standard","meta":{"om_disable_all_campaigns":false,"_jetpack_memberships_contains_paid_content":false,"footnotes":""},"categories":[101,2],"tags":[],"class_list":["post-15428","post","type-post","status-publish","format-standard","has-post-thumbnail","hentry","category-interes-general-locales","category-locales"],"aioseo_notices":[],"gutentor_comment":0,"jetpack_featured_media_url":"https:\/\/eldiariodesanpedro.com.ar\/sitio\/wp-content\/uploads\/2017\/03\/Lavadero.jpg","jetpack_shortlink":"https:\/\/wp.me\/p6RhLt-40Q","jetpack_sharing_enabled":true,"_links":{"self":[{"href":"https:\/\/eldiariodesanpedro.com.ar\/sitio\/wp-json\/wp\/v2\/posts\/15428","targetHints":{"allow":["GET"]}}],"collection":[{"href":"https:\/\/eldiariodesanpedro.com.ar\/sitio\/wp-json\/wp\/v2\/posts"}],"about":[{"href":"https:\/\/eldiariodesanpedro.com.ar\/sitio\/wp-json\/wp\/v2\/types\/post"}],"author":[{"embeddable":true,"href":"https:\/\/eldiariodesanpedro.com.ar\/sitio\/wp-json\/wp\/v2\/users\/4"}],"replies":[{"embeddable":true,"href":"https:\/\/eldiariodesanpedro.com.ar\/sitio\/wp-json\/wp\/v2\/comments?post=15428"}],"version-history":[{"count":1,"href":"https:\/\/eldiariodesanpedro.com.ar\/sitio\/wp-json\/wp\/v2\/posts\/15428\/revisions"}],"predecessor-version":[{"id":15430,"href":"https:\/\/eldiariodesanpedro.com.ar\/sitio\/wp-json\/wp\/v2\/posts\/15428\/revisions\/15430"}],"wp:featuredmedia":[{"embeddable":true,"href":"https:\/\/eldiariodesanpedro.com.ar\/sitio\/wp-json\/wp\/v2\/media\/15429"}],"wp:attachment":[{"href":"https:\/\/eldiariodesanpedro.com.ar\/sitio\/wp-json\/wp\/v2\/media?parent=15428"}],"wp:term":[{"taxonomy":"category","embeddable":true,"href":"https:\/\/eldiariodesanpedro.com.ar\/sitio\/wp-json\/wp\/v2\/categories?post=15428"},{"taxonomy":"post_tag","embeddable":true,"href":"https:\/\/eldiariodesanpedro.com.ar\/sitio\/wp-json\/wp\/v2\/tags?post=15428"}],"curies":[{"name":"wp","href":"https:\/\/api.w.org\/{rel}","templated":true}]}}