{"id":15423,"date":"2017-03-02T09:09:56","date_gmt":"2017-03-02T12:09:56","guid":{"rendered":"https:\/\/eldiariodesanpedro.com.ar\/sitio\/?p=15423"},"modified":"2017-03-02T09:09:56","modified_gmt":"2017-03-02T12:09:56","slug":"dos-personas-aprehendida-con-pedido-de-captura-activo-por-la-policia-local","status":"publish","type":"post","link":"https:\/\/eldiariodesanpedro.com.ar\/sitio\/dos-personas-aprehendida-con-pedido-de-captura-activo-por-la-policia-local\/","title":{"rendered":"Dos personas aprehendida con pedido de captura activo por la polic\u00eda local"},"content":{"rendered":"<p><!-- VideographyWP Plugin Message: Automatic video embedding prevented by plugin options. --><br \/>\nEn el d\u00eda de ayer en horas de la ma\u00f1ana en la zona de la costanera, personal de la polic\u00eda local de nuestra ciudad procedieron a la aprehensi\u00f3n de un joven de 29 a\u00f1os de edad, al momento de ser identificado presentaba pedido de captura activo con intervenci\u00f3n del Juzgado Correccional N\u00ba 2 de San Nicolas.<\/p>\n<p>Tambi\u00e9n en el d\u00eda de ayer polic\u00eda local en la intersecci\u00f3n de Salta y Obligado se procedi\u00f3 a la aprehensi\u00f3n de otro joven de 29 a\u00f1os de edad con pedido de captura activo con intervenci\u00f3n de la UFI del joven por averiguaci\u00f3n de paradero. Fue notificado a presentarse a la sede judicial para regularizar su situaci\u00f3n y puesto en libertad. <\/p>\n","protected":false},"excerpt":{"rendered":"<p>En el d\u00eda de ayer en horas de la ma\u00f1ana en la zona de la costanera, personal de la polic\u00eda local de nuestra ciudad procedieron a la aprehensi\u00f3n de un joven de 29 a\u00f1os de edad, al momento de ser identificado presentaba pedido de captura activo con intervenci\u00f3n del Juzgado Correccional N\u00ba 2 de San [&hellip;]<\/p>\n","protected":false},"author":4,"featured_media":14747,"comment_status":"open","ping_status":"closed","sticky":false,"template":"","format":"standard","meta":{"om_disable_all_campaigns":false,"_jetpack_memberships_contains_paid_content":false,"footnotes":""},"categories":[50,2,103],"tags":[],"class_list":["post-15423","post","type-post","status-publish","format-standard","has-post-thumbnail","hentry","category-destacadas","category-locales","category-policiales-locales"],"aioseo_notices":[],"gutentor_comment":0,"jetpack_featured_media_url":"https:\/\/eldiariodesanpedro.com.ar\/sitio\/wp-content\/uploads\/2017\/02\/policia-local-san-pedro.jpg","jetpack_shortlink":"https:\/\/wp.me\/p6RhLt-40L","jetpack_sharing_enabled":true,"_links":{"self":[{"href":"https:\/\/eldiariodesanpedro.com.ar\/sitio\/wp-json\/wp\/v2\/posts\/15423","targetHints":{"allow":["GET"]}}],"collection":[{"href":"https:\/\/eldiariodesanpedro.com.ar\/sitio\/wp-json\/wp\/v2\/posts"}],"about":[{"href":"https:\/\/eldiariodesanpedro.com.ar\/sitio\/wp-json\/wp\/v2\/types\/post"}],"author":[{"embeddable":true,"href":"https:\/\/eldiariodesanpedro.com.ar\/sitio\/wp-json\/wp\/v2\/users\/4"}],"replies":[{"embeddable":true,"href":"https:\/\/eldiariodesanpedro.com.ar\/sitio\/wp-json\/wp\/v2\/comments?post=15423"}],"version-history":[{"count":1,"href":"https:\/\/eldiariodesanpedro.com.ar\/sitio\/wp-json\/wp\/v2\/posts\/15423\/revisions"}],"predecessor-version":[{"id":15424,"href":"https:\/\/eldiariodesanpedro.com.ar\/sitio\/wp-json\/wp\/v2\/posts\/15423\/revisions\/15424"}],"wp:featuredmedia":[{"embeddable":true,"href":"https:\/\/eldiariodesanpedro.com.ar\/sitio\/wp-json\/wp\/v2\/media\/14747"}],"wp:attachment":[{"href":"https:\/\/eldiariodesanpedro.com.ar\/sitio\/wp-json\/wp\/v2\/media?parent=15423"}],"wp:term":[{"taxonomy":"category","embeddable":true,"href":"https:\/\/eldiariodesanpedro.com.ar\/sitio\/wp-json\/wp\/v2\/categories?post=15423"},{"taxonomy":"post_tag","embeddable":true,"href":"https:\/\/eldiariodesanpedro.com.ar\/sitio\/wp-json\/wp\/v2\/tags?post=15423"}],"curies":[{"name":"wp","href":"https:\/\/api.w.org\/{rel}","templated":true}]}}