{"id":15420,"date":"2017-03-02T00:21:21","date_gmt":"2017-03-02T03:21:21","guid":{"rendered":"https:\/\/eldiariodesanpedro.com.ar\/sitio\/?p=15420"},"modified":"2017-03-02T15:13:43","modified_gmt":"2017-03-02T18:13:43","slug":"se-busca-a-nicolas-chaparro-de-21-anos","status":"publish","type":"post","link":"https:\/\/eldiariodesanpedro.com.ar\/sitio\/se-busca-a-nicolas-chaparro-de-21-anos\/","title":{"rendered":"Se busca a Nicol\u00e1s Chaparro de 21 a\u00f1os"},"content":{"rendered":"<p><!-- VideographyWP Plugin Message: Automatic video embedding prevented by plugin options. --><br \/>\nLa b\u00fasqueda iniciada por la Polic\u00eda fue iniciada en La jornada de este mi\u00e9rcoles. Para ello, se ha solicitado La colaboraci\u00f3n para localizar a Nicol\u00e1s Chaparro de 21 a\u00f1os.<\/p>\n<p>Seg\u00fan se pudo constatar, se retir\u00f3 de su casa, en Chacabuco al 500, hoy al mediod\u00eda y no regres\u00f3.<br \/>\nLlevaba pantal\u00f3n corto color negro , remera color azul! Cabello corto, ojotas y tiene aproximadamente 1,80 altura.<\/p>\n<p>Cualquier informaci\u00f3n puede ser suministrada al 425221 el tel\u00e9fono de la comisaria local.<\/p>\n","protected":false},"excerpt":{"rendered":"<p>La b\u00fasqueda iniciada por la Polic\u00eda fue iniciada en La jornada de este mi\u00e9rcoles. Para ello, se ha solicitado La colaboraci\u00f3n para localizar a Nicol\u00e1s Chaparro de 21 a\u00f1os. Seg\u00fan se pudo constatar, se retir\u00f3 de su casa, en Chacabuco al 500, hoy al mediod\u00eda y no regres\u00f3. Llevaba pantal\u00f3n corto color negro , remera [&hellip;]<\/p>\n","protected":false},"author":4,"featured_media":15421,"comment_status":"open","ping_status":"closed","sticky":false,"template":"","format":"standard","meta":{"om_disable_all_campaigns":false,"_jetpack_memberships_contains_paid_content":false,"footnotes":""},"categories":[2,103],"tags":[],"class_list":["post-15420","post","type-post","status-publish","format-standard","has-post-thumbnail","hentry","category-locales","category-policiales-locales"],"aioseo_notices":[],"gutentor_comment":0,"jetpack_featured_media_url":"https:\/\/eldiariodesanpedro.com.ar\/sitio\/wp-content\/uploads\/2017\/03\/IMG_20170302_002006.jpg","jetpack_shortlink":"https:\/\/wp.me\/p6RhLt-40I","jetpack_sharing_enabled":true,"_links":{"self":[{"href":"https:\/\/eldiariodesanpedro.com.ar\/sitio\/wp-json\/wp\/v2\/posts\/15420","targetHints":{"allow":["GET"]}}],"collection":[{"href":"https:\/\/eldiariodesanpedro.com.ar\/sitio\/wp-json\/wp\/v2\/posts"}],"about":[{"href":"https:\/\/eldiariodesanpedro.com.ar\/sitio\/wp-json\/wp\/v2\/types\/post"}],"author":[{"embeddable":true,"href":"https:\/\/eldiariodesanpedro.com.ar\/sitio\/wp-json\/wp\/v2\/users\/4"}],"replies":[{"embeddable":true,"href":"https:\/\/eldiariodesanpedro.com.ar\/sitio\/wp-json\/wp\/v2\/comments?post=15420"}],"version-history":[{"count":1,"href":"https:\/\/eldiariodesanpedro.com.ar\/sitio\/wp-json\/wp\/v2\/posts\/15420\/revisions"}],"predecessor-version":[{"id":15422,"href":"https:\/\/eldiariodesanpedro.com.ar\/sitio\/wp-json\/wp\/v2\/posts\/15420\/revisions\/15422"}],"wp:featuredmedia":[{"embeddable":true,"href":"https:\/\/eldiariodesanpedro.com.ar\/sitio\/wp-json\/wp\/v2\/media\/15421"}],"wp:attachment":[{"href":"https:\/\/eldiariodesanpedro.com.ar\/sitio\/wp-json\/wp\/v2\/media?parent=15420"}],"wp:term":[{"taxonomy":"category","embeddable":true,"href":"https:\/\/eldiariodesanpedro.com.ar\/sitio\/wp-json\/wp\/v2\/categories?post=15420"},{"taxonomy":"post_tag","embeddable":true,"href":"https:\/\/eldiariodesanpedro.com.ar\/sitio\/wp-json\/wp\/v2\/tags?post=15420"}],"curies":[{"name":"wp","href":"https:\/\/api.w.org\/{rel}","templated":true}]}}