{"id":15411,"date":"2017-03-01T20:06:25","date_gmt":"2017-03-01T23:06:25","guid":{"rendered":"https:\/\/eldiariodesanpedro.com.ar\/sitio\/?p=15411"},"modified":"2026-01-24T00:30:57","modified_gmt":"2026-01-24T03:30:57","slug":"automovilismo-morro-duodecimo-en-la-plata","status":"publish","type":"post","link":"https:\/\/eldiariodesanpedro.com.ar\/sitio\/automovilismo-morro-duodecimo-en-la-plata\/","title":{"rendered":"AUTOMOVILISMO: \u201cMorro\u201d duod\u00e9cimo en La Plata"},"content":{"rendered":"<p><!-- VideographyWP Plugin Message: Automatic video embedding prevented by plugin options. --><br \/>\nEn el aut\u00f3dromo Roberto Mouras de La Plata, el TC Pista Mouras corri\u00f3 su segunda fecha de la edici\u00f3n 2017 del certamen. Lautaro Lanci se qued\u00f3 con el tercer entrenamiento del TC Pista Mouras en La Plata escoltado Di Palma y Markel. El sampedrino Fernando Manuel \u00abMorro\u00bb Iglesias culmin\u00f3 duod\u00e9cimo con un desempe\u00f1o parejo a lo largo de las 16 vueltas, dejando conforme a la familia Iglesias. La pr\u00f3xima competencia ser\u00e1 el 23 del actual a confirmar el circuito.<\/p>\n<div data-carousel-extra='{&quot;blog_id&quot;:1,&quot;permalink&quot;:&quot;https:\/\/eldiariodesanpedro.com.ar\/sitio\/automovilismo-morro-duodecimo-en-la-plata\/&quot;}' id='gallery-1' class='gallery galleryid-15411 gallery-columns-2 gallery-size-large'><figure class='gallery-item'>\n\t\t\t<div class='gallery-icon portrait'>\n\t\t\t\t<a href='https:\/\/eldiariodesanpedro.com.ar\/sitio\/automovilismo-morro-duodecimo-en-la-plata\/foto-1-campeonato\/'><img decoding=\"async\" width=\"574\" height=\"577\" data-src=\"https:\/\/eldiariodesanpedro.com.ar\/sitio\/wp-content\/uploads\/2017\/03\/Foto-1-CAMPEONATO.jpg\" class=\"attachment-large size-large lazyload\" alt=\"El Diario de San Pedro | Noticias locales y regionales\" data-srcset=\"https:\/\/eldiariodesanpedro.com.ar\/sitio\/wp-content\/uploads\/2017\/03\/Foto-1-CAMPEONATO.jpg 574w, https:\/\/eldiariodesanpedro.com.ar\/sitio\/wp-content\/uploads\/2017\/03\/Foto-1-CAMPEONATO-150x150.jpg 150w, https:\/\/eldiariodesanpedro.com.ar\/sitio\/wp-content\/uploads\/2017\/03\/Foto-1-CAMPEONATO-298x300.jpg 298w\" data-sizes=\"(max-width: 574px) 100vw, 574px\" data-attachment-id=\"15414\" data-permalink=\"https:\/\/eldiariodesanpedro.com.ar\/sitio\/automovilismo-morro-duodecimo-en-la-plata\/foto-1-campeonato\/\" data-orig-file=\"https:\/\/eldiariodesanpedro.com.ar\/sitio\/wp-content\/uploads\/2017\/03\/Foto-1-CAMPEONATO.jpg\" data-orig-size=\"574,577\" data-comments-opened=\"1\" data-image-meta=\"{&quot;aperture&quot;:&quot;0&quot;,&quot;credit&quot;:&quot;&quot;,&quot;camera&quot;:&quot;&quot;,&quot;caption&quot;:&quot;&quot;,&quot;created_timestamp&quot;:&quot;0&quot;,&quot;copyright&quot;:&quot;&quot;,&quot;focal_length&quot;:&quot;0&quot;,&quot;iso&quot;:&quot;0&quot;,&quot;shutter_speed&quot;:&quot;0&quot;,&quot;title&quot;:&quot;&quot;,&quot;orientation&quot;:&quot;0&quot;}\" data-image-title=\"Foto 1 CAMPEONATO\" data-image-description=\"\" data-image-caption=\"\" data-large-file=\"https:\/\/eldiariodesanpedro.com.ar\/sitio\/wp-content\/uploads\/2017\/03\/Foto-1-CAMPEONATO.jpg\" src=\"data:image\/svg+xml;base64,PHN2ZyB3aWR0aD0iMSIgaGVpZ2h0PSIxIiB4bWxucz0iaHR0cDovL3d3dy53My5vcmcvMjAwMC9zdmciPjwvc3ZnPg==\" style=\"--smush-placeholder-width: 574px; --smush-placeholder-aspect-ratio: 574\/577;\" \/><\/a>\n\t\t\t<\/div><\/figure><figure class='gallery-item'>\n\t\t\t<div class='gallery-icon landscape'>\n\t\t\t\t<a href='https:\/\/eldiariodesanpedro.com.ar\/sitio\/automovilismo-morro-duodecimo-en-la-plata\/foto-2-clasificacion-final-tcpm\/'><img decoding=\"async\" width=\"640\" height=\"481\" data-src=\"https:\/\/eldiariodesanpedro.com.ar\/sitio\/wp-content\/uploads\/2017\/03\/FOTO-2-CLASIFICACION-FINAL-TCPM.jpg\" class=\"attachment-large size-large lazyload\" alt=\"El Diario de San Pedro | Noticias locales y regionales\" data-srcset=\"https:\/\/eldiariodesanpedro.com.ar\/sitio\/wp-content\/uploads\/2017\/03\/FOTO-2-CLASIFICACION-FINAL-TCPM.jpg 859w, https:\/\/eldiariodesanpedro.com.ar\/sitio\/wp-content\/uploads\/2017\/03\/FOTO-2-CLASIFICACION-FINAL-TCPM-300x226.jpg 300w, https:\/\/eldiariodesanpedro.com.ar\/sitio\/wp-content\/uploads\/2017\/03\/FOTO-2-CLASIFICACION-FINAL-TCPM-768x578.jpg 768w\" data-sizes=\"(max-width: 640px) 100vw, 640px\" data-attachment-id=\"15415\" data-permalink=\"https:\/\/eldiariodesanpedro.com.ar\/sitio\/automovilismo-morro-duodecimo-en-la-plata\/foto-2-clasificacion-final-tcpm\/\" data-orig-file=\"https:\/\/eldiariodesanpedro.com.ar\/sitio\/wp-content\/uploads\/2017\/03\/FOTO-2-CLASIFICACION-FINAL-TCPM.jpg\" data-orig-size=\"859,646\" data-comments-opened=\"1\" data-image-meta=\"{&quot;aperture&quot;:&quot;0&quot;,&quot;credit&quot;:&quot;&quot;,&quot;camera&quot;:&quot;&quot;,&quot;caption&quot;:&quot;&quot;,&quot;created_timestamp&quot;:&quot;0&quot;,&quot;copyright&quot;:&quot;&quot;,&quot;focal_length&quot;:&quot;0&quot;,&quot;iso&quot;:&quot;0&quot;,&quot;shutter_speed&quot;:&quot;0&quot;,&quot;title&quot;:&quot;&quot;,&quot;orientation&quot;:&quot;0&quot;}\" data-image-title=\"FOTO 2 CLASIFICACION FINAL TCPM\" data-image-description=\"\" data-image-caption=\"\" data-large-file=\"https:\/\/eldiariodesanpedro.com.ar\/sitio\/wp-content\/uploads\/2017\/03\/FOTO-2-CLASIFICACION-FINAL-TCPM.jpg\" src=\"data:image\/svg+xml;base64,PHN2ZyB3aWR0aD0iMSIgaGVpZ2h0PSIxIiB4bWxucz0iaHR0cDovL3d3dy53My5vcmcvMjAwMC9zdmciPjwvc3ZnPg==\" style=\"--smush-placeholder-width: 640px; --smush-placeholder-aspect-ratio: 640\/481;\" \/><\/a>\n\t\t\t<\/div><\/figure>\n\t\t<\/div>\n\n<div data-carousel-extra='{&quot;blog_id&quot;:1,&quot;permalink&quot;:&quot;https:\/\/eldiariodesanpedro.com.ar\/sitio\/automovilismo-morro-duodecimo-en-la-plata\/&quot;}' id='gallery-2' class='gallery galleryid-15411 gallery-columns-3 gallery-size-large'><figure class='gallery-item'>\n\t\t\t<div class='gallery-icon landscape'>\n\t\t\t\t<a href='https:\/\/eldiariodesanpedro.com.ar\/sitio\/automovilismo-morro-duodecimo-en-la-plata\/el-equipo-completo-previo-a-la-final\/'><img decoding=\"async\" width=\"640\" height=\"457\" data-src=\"https:\/\/eldiariodesanpedro.com.ar\/sitio\/wp-content\/uploads\/2017\/03\/El-equipo-completo-previo-a-la-final.jpg\" class=\"attachment-large size-large lazyload\" alt=\"El Diario de San Pedro | Noticias locales y regionales\" data-srcset=\"https:\/\/eldiariodesanpedro.com.ar\/sitio\/wp-content\/uploads\/2017\/03\/El-equipo-completo-previo-a-la-final.jpg 960w, https:\/\/eldiariodesanpedro.com.ar\/sitio\/wp-content\/uploads\/2017\/03\/El-equipo-completo-previo-a-la-final-300x214.jpg 300w, https:\/\/eldiariodesanpedro.com.ar\/sitio\/wp-content\/uploads\/2017\/03\/El-equipo-completo-previo-a-la-final-768x548.jpg 768w\" data-sizes=\"(max-width: 640px) 100vw, 640px\" data-attachment-id=\"15417\" data-permalink=\"https:\/\/eldiariodesanpedro.com.ar\/sitio\/automovilismo-morro-duodecimo-en-la-plata\/el-equipo-completo-previo-a-la-final\/\" data-orig-file=\"https:\/\/eldiariodesanpedro.com.ar\/sitio\/wp-content\/uploads\/2017\/03\/El-equipo-completo-previo-a-la-final.jpg\" data-orig-size=\"960,685\" data-comments-opened=\"1\" data-image-meta=\"{&quot;aperture&quot;:&quot;0&quot;,&quot;credit&quot;:&quot;&quot;,&quot;camera&quot;:&quot;&quot;,&quot;caption&quot;:&quot;&quot;,&quot;created_timestamp&quot;:&quot;0&quot;,&quot;copyright&quot;:&quot;&quot;,&quot;focal_length&quot;:&quot;0&quot;,&quot;iso&quot;:&quot;0&quot;,&quot;shutter_speed&quot;:&quot;0&quot;,&quot;title&quot;:&quot;&quot;,&quot;orientation&quot;:&quot;0&quot;}\" data-image-title=\"El equipo completo, previo a la final\" data-image-description=\"\" data-image-caption=\"\" data-large-file=\"https:\/\/eldiariodesanpedro.com.ar\/sitio\/wp-content\/uploads\/2017\/03\/El-equipo-completo-previo-a-la-final.jpg\" src=\"data:image\/svg+xml;base64,PHN2ZyB3aWR0aD0iMSIgaGVpZ2h0PSIxIiB4bWxucz0iaHR0cDovL3d3dy53My5vcmcvMjAwMC9zdmciPjwvc3ZnPg==\" style=\"--smush-placeholder-width: 640px; --smush-placeholder-aspect-ratio: 640\/457;\" \/><\/a>\n\t\t\t<\/div><\/figure><figure class='gallery-item'>\n\t\t\t<div class='gallery-icon landscape'>\n\t\t\t\t<a href='https:\/\/eldiariodesanpedro.com.ar\/sitio\/automovilismo-morro-duodecimo-en-la-plata\/la-maquina-se-comporto-segun-lo-planeado-ahora-van-por-mas\/'><img decoding=\"async\" width=\"640\" height=\"457\" data-src=\"https:\/\/eldiariodesanpedro.com.ar\/sitio\/wp-content\/uploads\/2017\/03\/La-maquina-se-comporto-seg\u00fan-lo-planeado-Ahora-van-por-m\u00e1s.jpg\" class=\"attachment-large size-large lazyload\" alt=\"El Diario de San Pedro | Noticias locales y regionales\" data-srcset=\"https:\/\/eldiariodesanpedro.com.ar\/sitio\/wp-content\/uploads\/2017\/03\/La-maquina-se-comporto-seg\u00fan-lo-planeado-Ahora-van-por-m\u00e1s.jpg 960w, https:\/\/eldiariodesanpedro.com.ar\/sitio\/wp-content\/uploads\/2017\/03\/La-maquina-se-comporto-seg\u00fan-lo-planeado-Ahora-van-por-m\u00e1s-300x214.jpg 300w, https:\/\/eldiariodesanpedro.com.ar\/sitio\/wp-content\/uploads\/2017\/03\/La-maquina-se-comporto-seg\u00fan-lo-planeado-Ahora-van-por-m\u00e1s-768x548.jpg 768w\" data-sizes=\"(max-width: 640px) 100vw, 640px\" data-attachment-id=\"15413\" data-permalink=\"https:\/\/eldiariodesanpedro.com.ar\/sitio\/automovilismo-morro-duodecimo-en-la-plata\/la-maquina-se-comporto-segun-lo-planeado-ahora-van-por-mas\/\" data-orig-file=\"https:\/\/eldiariodesanpedro.com.ar\/sitio\/wp-content\/uploads\/2017\/03\/La-maquina-se-comporto-seg\u00fan-lo-planeado-Ahora-van-por-m\u00e1s.jpg\" data-orig-size=\"960,685\" data-comments-opened=\"1\" data-image-meta=\"{&quot;aperture&quot;:&quot;0&quot;,&quot;credit&quot;:&quot;&quot;,&quot;camera&quot;:&quot;&quot;,&quot;caption&quot;:&quot;&quot;,&quot;created_timestamp&quot;:&quot;0&quot;,&quot;copyright&quot;:&quot;&quot;,&quot;focal_length&quot;:&quot;0&quot;,&quot;iso&quot;:&quot;0&quot;,&quot;shutter_speed&quot;:&quot;0&quot;,&quot;title&quot;:&quot;&quot;,&quot;orientation&quot;:&quot;0&quot;}\" data-image-title=\"La maquina se comporto seg\u00fan lo planeado Ahora van por m\u00e1s\" data-image-description=\"\" data-image-caption=\"\" data-large-file=\"https:\/\/eldiariodesanpedro.com.ar\/sitio\/wp-content\/uploads\/2017\/03\/La-maquina-se-comporto-seg\u00fan-lo-planeado-Ahora-van-por-m\u00e1s.jpg\" src=\"data:image\/svg+xml;base64,PHN2ZyB3aWR0aD0iMSIgaGVpZ2h0PSIxIiB4bWxucz0iaHR0cDovL3d3dy53My5vcmcvMjAwMC9zdmciPjwvc3ZnPg==\" style=\"--smush-placeholder-width: 640px; --smush-placeholder-aspect-ratio: 640\/457;\" \/><\/a>\n\t\t\t<\/div><\/figure>\n\t\t<\/div>\n\n","protected":false},"excerpt":{"rendered":"<p>En el aut\u00f3dromo Roberto Mouras de La Plata, el TC Pista Mouras corri\u00f3 su segunda fecha de la edici\u00f3n 2017 del certamen. Lautaro Lanci se qued\u00f3 con el tercer entrenamiento del TC Pista Mouras en La Plata escoltado Di Palma y Markel. El sampedrino Fernando Manuel \u00abMorro\u00bb Iglesias culmin\u00f3 duod\u00e9cimo con un desempe\u00f1o parejo a [&hellip;]<\/p>\n","protected":false},"author":4,"featured_media":15413,"comment_status":"open","ping_status":"closed","sticky":false,"template":"","format":"standard","meta":{"om_disable_all_campaigns":false,"_jetpack_memberships_contains_paid_content":false,"footnotes":""},"categories":[5],"tags":[],"class_list":["post-15411","post","type-post","status-publish","format-standard","has-post-thumbnail","hentry","category-deportes"],"aioseo_notices":[],"gutentor_comment":0,"jetpack_featured_media_url":"https:\/\/eldiariodesanpedro.com.ar\/sitio\/wp-content\/uploads\/2017\/03\/La-maquina-se-comporto-seg\u00fan-lo-planeado-Ahora-van-por-m\u00e1s.jpg","jetpack_shortlink":"https:\/\/wp.me\/p6RhLt-40z","jetpack_sharing_enabled":true,"_links":{"self":[{"href":"https:\/\/eldiariodesanpedro.com.ar\/sitio\/wp-json\/wp\/v2\/posts\/15411","targetHints":{"allow":["GET"]}}],"collection":[{"href":"https:\/\/eldiariodesanpedro.com.ar\/sitio\/wp-json\/wp\/v2\/posts"}],"about":[{"href":"https:\/\/eldiariodesanpedro.com.ar\/sitio\/wp-json\/wp\/v2\/types\/post"}],"author":[{"embeddable":true,"href":"https:\/\/eldiariodesanpedro.com.ar\/sitio\/wp-json\/wp\/v2\/users\/4"}],"replies":[{"embeddable":true,"href":"https:\/\/eldiariodesanpedro.com.ar\/sitio\/wp-json\/wp\/v2\/comments?post=15411"}],"version-history":[{"count":2,"href":"https:\/\/eldiariodesanpedro.com.ar\/sitio\/wp-json\/wp\/v2\/posts\/15411\/revisions"}],"predecessor-version":[{"id":15418,"href":"https:\/\/eldiariodesanpedro.com.ar\/sitio\/wp-json\/wp\/v2\/posts\/15411\/revisions\/15418"}],"wp:featuredmedia":[{"embeddable":true,"href":"https:\/\/eldiariodesanpedro.com.ar\/sitio\/wp-json\/wp\/v2\/media\/15413"}],"wp:attachment":[{"href":"https:\/\/eldiariodesanpedro.com.ar\/sitio\/wp-json\/wp\/v2\/media?parent=15411"}],"wp:term":[{"taxonomy":"category","embeddable":true,"href":"https:\/\/eldiariodesanpedro.com.ar\/sitio\/wp-json\/wp\/v2\/categories?post=15411"},{"taxonomy":"post_tag","embeddable":true,"href":"https:\/\/eldiariodesanpedro.com.ar\/sitio\/wp-json\/wp\/v2\/tags?post=15411"}],"curies":[{"name":"wp","href":"https:\/\/api.w.org\/{rel}","templated":true}]}}