{"id":15405,"date":"2017-03-01T15:10:34","date_gmt":"2017-03-01T18:10:34","guid":{"rendered":"https:\/\/eldiariodesanpedro.com.ar\/sitio\/?p=15405"},"modified":"2017-03-01T15:10:34","modified_gmt":"2017-03-01T18:10:34","slug":"recuperan-dos-motos-de-alto-valor-que-habian-sido-robadas-el-mes-pasado","status":"publish","type":"post","link":"https:\/\/eldiariodesanpedro.com.ar\/sitio\/recuperan-dos-motos-de-alto-valor-que-habian-sido-robadas-el-mes-pasado\/","title":{"rendered":"Recuperan dos motos de alto valor que hab\u00edan sido robadas el mes pasado"},"content":{"rendered":"<p><!-- VideographyWP Plugin Message: Automatic video embedding prevented by plugin options. --><br \/>\nEn un procedimiento realizado por la polic\u00eda se logr\u00f3 dar en la jornada de este mi\u00e9rcoles, en un campo de soja en 1001 km 10, los dos rodados que hab\u00edan sido robados el pasado 13 de febrero.<\/p>\n<p>Seg\u00fan se pudo establecer, el due\u00f1o del predio las encontr\u00f3 cuando curaban La plantaci\u00f3n de soja que hay en el lugar.<\/p>\n<p>Cabe recordar que el il\u00edcito se produjo cuando autores ignorados forzaron el port\u00f3n del garaje donde estaban guardadas y se las llevaron. Se trata de dos motos de gran valor, una Harley Davidson y una Yamaha FZ1, con un valor cercano de entre 35 mil d\u00f3lares.<\/p>\n","protected":false},"excerpt":{"rendered":"<p>En un procedimiento realizado por la polic\u00eda se logr\u00f3 dar en la jornada de este mi\u00e9rcoles, en un campo de soja en 1001 km 10, los dos rodados que hab\u00edan sido robados el pasado 13 de febrero. Seg\u00fan se pudo establecer, el due\u00f1o del predio las encontr\u00f3 cuando curaban La plantaci\u00f3n de soja que hay [&hellip;]<\/p>\n","protected":false},"author":4,"featured_media":15406,"comment_status":"open","ping_status":"closed","sticky":false,"template":"","format":"standard","meta":{"om_disable_all_campaigns":false,"_jetpack_memberships_contains_paid_content":false,"footnotes":""},"categories":[50,2,103],"tags":[],"class_list":["post-15405","post","type-post","status-publish","format-standard","has-post-thumbnail","hentry","category-destacadas","category-locales","category-policiales-locales"],"aioseo_notices":[],"gutentor_comment":0,"jetpack_featured_media_url":"https:\/\/eldiariodesanpedro.com.ar\/sitio\/wp-content\/uploads\/2017\/03\/Moto-recuperda.png","jetpack_shortlink":"https:\/\/wp.me\/p6RhLt-40t","jetpack_sharing_enabled":true,"_links":{"self":[{"href":"https:\/\/eldiariodesanpedro.com.ar\/sitio\/wp-json\/wp\/v2\/posts\/15405","targetHints":{"allow":["GET"]}}],"collection":[{"href":"https:\/\/eldiariodesanpedro.com.ar\/sitio\/wp-json\/wp\/v2\/posts"}],"about":[{"href":"https:\/\/eldiariodesanpedro.com.ar\/sitio\/wp-json\/wp\/v2\/types\/post"}],"author":[{"embeddable":true,"href":"https:\/\/eldiariodesanpedro.com.ar\/sitio\/wp-json\/wp\/v2\/users\/4"}],"replies":[{"embeddable":true,"href":"https:\/\/eldiariodesanpedro.com.ar\/sitio\/wp-json\/wp\/v2\/comments?post=15405"}],"version-history":[{"count":1,"href":"https:\/\/eldiariodesanpedro.com.ar\/sitio\/wp-json\/wp\/v2\/posts\/15405\/revisions"}],"predecessor-version":[{"id":15407,"href":"https:\/\/eldiariodesanpedro.com.ar\/sitio\/wp-json\/wp\/v2\/posts\/15405\/revisions\/15407"}],"wp:featuredmedia":[{"embeddable":true,"href":"https:\/\/eldiariodesanpedro.com.ar\/sitio\/wp-json\/wp\/v2\/media\/15406"}],"wp:attachment":[{"href":"https:\/\/eldiariodesanpedro.com.ar\/sitio\/wp-json\/wp\/v2\/media?parent=15405"}],"wp:term":[{"taxonomy":"category","embeddable":true,"href":"https:\/\/eldiariodesanpedro.com.ar\/sitio\/wp-json\/wp\/v2\/categories?post=15405"},{"taxonomy":"post_tag","embeddable":true,"href":"https:\/\/eldiariodesanpedro.com.ar\/sitio\/wp-json\/wp\/v2\/tags?post=15405"}],"curies":[{"name":"wp","href":"https:\/\/api.w.org\/{rel}","templated":true}]}}