{"id":15399,"date":"2017-03-01T14:36:09","date_gmt":"2017-03-01T17:36:09","guid":{"rendered":"https:\/\/eldiariodesanpedro.com.ar\/sitio\/?p=15399"},"modified":"2017-03-01T14:37:12","modified_gmt":"2017-03-01T17:37:12","slug":"una-persona-detenida-por-intentar-atropellar-un-inspector-con-su-camioneta","status":"publish","type":"post","link":"https:\/\/eldiariodesanpedro.com.ar\/sitio\/una-persona-detenida-por-intentar-atropellar-un-inspector-con-su-camioneta\/","title":{"rendered":"Una persona detenida por intentar atropellar un inspector con su camioneta"},"content":{"rendered":"<p><!-- VideographyWP Plugin Message: Automatic video embedding prevented by plugin options. --><br \/>\nEn el medio d\u00eda de hoy nuevamente ocurri\u00f3 un hecho de violencia hacia el personal de inspecci\u00f3n de tr\u00e1nsito. <\/p>\n<p>Cercanas las 13:00 hs de hoy en la esquina Mitre y Col\u00f3n frente a una reconocido local gastron\u00f3mico se encontraba mal estacionado en infracci\u00f3n una camioneta Volkswagen Amarok doble cabina gris que seg\u00fan su propietario un hombre mayor de edad de alrededor de unos 40 a\u00f1os estar\u00eda descargando mercader\u00eda, el mismo es advertido por un inspector de tr\u00e1nsito que se encontraba en la cercan\u00eda y luego de no acatar la orden de la autoridad el mismo se dirige a realizar la correspondiente multa.<\/p>\n<p>El conductor quien r\u00e1pidamente se ofusca y agrede verbalmente a la autoridad correspondiente, al querer darse a la fuga golpea con su rodado al inspector, de igual manera fug\u00e1ndose y siendo perseguido por una patrulla policial que se encontraba acompa\u00f1ando el operativo de transito que se llevaba a cabo a una cuadra de ese lugar frente al local de Coopser.<\/p>\n<p>Varias cuadra despu\u00e9s en la Av. 3 de febrero entre Mitre y Pellegrini logra ser interceptado solicitando los papeles del veh\u00edculo, el propietario quien iba acompa\u00f1ado de su esposa e hija se torno agresivo increpando tanto a los oficiales como al inspector que anteriormente hab\u00eda intentado arrollar y negando completamente lo sucedido, por este motivo de resistencia a la autoridad fue aprehendido y trasladado a la comisaria local junto con su camioneta que seria secuestrada.<\/p>\n","protected":false},"excerpt":{"rendered":"<p>En el medio d\u00eda de hoy nuevamente ocurri\u00f3 un hecho de violencia hacia el personal de inspecci\u00f3n de tr\u00e1nsito. Cercanas las 13:00 hs de hoy en la esquina Mitre y Col\u00f3n frente a una reconocido local gastron\u00f3mico se encontraba mal estacionado en infracci\u00f3n una camioneta Volkswagen Amarok doble cabina gris que seg\u00fan su propietario un [&hellip;]<\/p>\n","protected":false},"author":4,"featured_media":15400,"comment_status":"open","ping_status":"closed","sticky":false,"template":"","format":"standard","meta":{"om_disable_all_campaigns":false,"_jetpack_memberships_contains_paid_content":false,"footnotes":""},"categories":[50,2,103],"tags":[],"class_list":["post-15399","post","type-post","status-publish","format-standard","has-post-thumbnail","hentry","category-destacadas","category-locales","category-policiales-locales"],"aioseo_notices":[],"gutentor_comment":1,"jetpack_featured_media_url":"https:\/\/eldiariodesanpedro.com.ar\/sitio\/wp-content\/uploads\/2017\/03\/IMG_20170301_132345758_HDR-e1488389650430.jpg","jetpack_shortlink":"https:\/\/wp.me\/p6RhLt-40n","jetpack_sharing_enabled":true,"_links":{"self":[{"href":"https:\/\/eldiariodesanpedro.com.ar\/sitio\/wp-json\/wp\/v2\/posts\/15399","targetHints":{"allow":["GET"]}}],"collection":[{"href":"https:\/\/eldiariodesanpedro.com.ar\/sitio\/wp-json\/wp\/v2\/posts"}],"about":[{"href":"https:\/\/eldiariodesanpedro.com.ar\/sitio\/wp-json\/wp\/v2\/types\/post"}],"author":[{"embeddable":true,"href":"https:\/\/eldiariodesanpedro.com.ar\/sitio\/wp-json\/wp\/v2\/users\/4"}],"replies":[{"embeddable":true,"href":"https:\/\/eldiariodesanpedro.com.ar\/sitio\/wp-json\/wp\/v2\/comments?post=15399"}],"version-history":[{"count":3,"href":"https:\/\/eldiariodesanpedro.com.ar\/sitio\/wp-json\/wp\/v2\/posts\/15399\/revisions"}],"predecessor-version":[{"id":15404,"href":"https:\/\/eldiariodesanpedro.com.ar\/sitio\/wp-json\/wp\/v2\/posts\/15399\/revisions\/15404"}],"wp:featuredmedia":[{"embeddable":true,"href":"https:\/\/eldiariodesanpedro.com.ar\/sitio\/wp-json\/wp\/v2\/media\/15400"}],"wp:attachment":[{"href":"https:\/\/eldiariodesanpedro.com.ar\/sitio\/wp-json\/wp\/v2\/media?parent=15399"}],"wp:term":[{"taxonomy":"category","embeddable":true,"href":"https:\/\/eldiariodesanpedro.com.ar\/sitio\/wp-json\/wp\/v2\/categories?post=15399"},{"taxonomy":"post_tag","embeddable":true,"href":"https:\/\/eldiariodesanpedro.com.ar\/sitio\/wp-json\/wp\/v2\/tags?post=15399"}],"curies":[{"name":"wp","href":"https:\/\/api.w.org\/{rel}","templated":true}]}}