{"id":15392,"date":"2017-03-01T12:23:41","date_gmt":"2017-03-01T15:23:41","guid":{"rendered":"https:\/\/eldiariodesanpedro.com.ar\/sitio\/?p=15392"},"modified":"2017-03-01T12:23:41","modified_gmt":"2017-03-01T15:23:41","slug":"campana-golpeada-brutalmente-por-su-ex-pareja-en-la-via-publica","status":"publish","type":"post","link":"https:\/\/eldiariodesanpedro.com.ar\/sitio\/campana-golpeada-brutalmente-por-su-ex-pareja-en-la-via-publica\/","title":{"rendered":"Campana: Golpeada brutalmente por su ex pareja en la v\u00eda p\u00fablica"},"content":{"rendered":"<p><!-- VideographyWP Plugin Message: Automatic video embedding prevented by plugin options. --><br \/>\nEl caso recorre las redes sociales, donde se multiplican las muestras de solidaridad con la v\u00edctima y el repudio al violento sujeto.<\/p>\n<p>La mujer, identificada como Lis Vega, caminaba junto a su hijo de 9 a\u00f1os por la Av. Balb\u00edn y French, cuando fue alcanzada por el padre del menor, quien tras bajar de un auto comenz\u00f3 a golpearla.<\/p>\n<p>Las reiteradas denuncias de la v\u00edctima no impidieron que fuera nuevamente golpeada ferozmente por su ex pareja, que con sus golpes le produjo una fractura en una pierna, m\u00e1s precisamente en la tibia.<\/p>\n<p>Por fortuna, dos vecinos lograron intervenir, impidiendo que culminara a\u00fan de manera m\u00e1s tr\u00e1gica. El sujeto se march\u00f3 del lugar, llev\u00e1ndose al ni\u00f1o, que fue testigo del hecho.<\/p>\n<p>Una denuncia, esta vez por lesiones graves, recae sobre el agresor, que fue identificado como Enrique Quette. Tras el violento episodio, allegados a la v\u00edctima denunciaron amenazas por parte del violento individuo, que hasta el momento permanece en libertad.<\/p>\n","protected":false},"excerpt":{"rendered":"<p>El caso recorre las redes sociales, donde se multiplican las muestras de solidaridad con la v\u00edctima y el repudio al violento sujeto. La mujer, identificada como Lis Vega, caminaba junto a su hijo de 9 a\u00f1os por la Av. Balb\u00edn y French, cuando fue alcanzada por el padre del menor, quien tras bajar de un [&hellip;]<\/p>\n","protected":false},"author":4,"featured_media":15393,"comment_status":"open","ping_status":"closed","sticky":false,"template":"","format":"standard","meta":{"om_disable_all_campaigns":false,"_jetpack_memberships_contains_paid_content":false,"footnotes":""},"categories":[621],"tags":[],"class_list":["post-15392","post","type-post","status-publish","format-standard","has-post-thumbnail","hentry","category-regionales"],"aioseo_notices":[],"gutentor_comment":0,"jetpack_featured_media_url":"https:\/\/eldiariodesanpedro.com.ar\/sitio\/wp-content\/uploads\/2017\/03\/violencia-de-genero-campana.jpg","jetpack_shortlink":"https:\/\/wp.me\/p6RhLt-40g","jetpack_sharing_enabled":true,"_links":{"self":[{"href":"https:\/\/eldiariodesanpedro.com.ar\/sitio\/wp-json\/wp\/v2\/posts\/15392","targetHints":{"allow":["GET"]}}],"collection":[{"href":"https:\/\/eldiariodesanpedro.com.ar\/sitio\/wp-json\/wp\/v2\/posts"}],"about":[{"href":"https:\/\/eldiariodesanpedro.com.ar\/sitio\/wp-json\/wp\/v2\/types\/post"}],"author":[{"embeddable":true,"href":"https:\/\/eldiariodesanpedro.com.ar\/sitio\/wp-json\/wp\/v2\/users\/4"}],"replies":[{"embeddable":true,"href":"https:\/\/eldiariodesanpedro.com.ar\/sitio\/wp-json\/wp\/v2\/comments?post=15392"}],"version-history":[{"count":1,"href":"https:\/\/eldiariodesanpedro.com.ar\/sitio\/wp-json\/wp\/v2\/posts\/15392\/revisions"}],"predecessor-version":[{"id":15394,"href":"https:\/\/eldiariodesanpedro.com.ar\/sitio\/wp-json\/wp\/v2\/posts\/15392\/revisions\/15394"}],"wp:featuredmedia":[{"embeddable":true,"href":"https:\/\/eldiariodesanpedro.com.ar\/sitio\/wp-json\/wp\/v2\/media\/15393"}],"wp:attachment":[{"href":"https:\/\/eldiariodesanpedro.com.ar\/sitio\/wp-json\/wp\/v2\/media?parent=15392"}],"wp:term":[{"taxonomy":"category","embeddable":true,"href":"https:\/\/eldiariodesanpedro.com.ar\/sitio\/wp-json\/wp\/v2\/categories?post=15392"},{"taxonomy":"post_tag","embeddable":true,"href":"https:\/\/eldiariodesanpedro.com.ar\/sitio\/wp-json\/wp\/v2\/tags?post=15392"}],"curies":[{"name":"wp","href":"https:\/\/api.w.org\/{rel}","templated":true}]}}