{"id":15386,"date":"2017-03-01T12:01:29","date_gmt":"2017-03-01T15:01:29","guid":{"rendered":"https:\/\/eldiariodesanpedro.com.ar\/sitio\/?p=15386"},"modified":"2026-01-24T00:30:57","modified_gmt":"2026-01-24T03:30:57","slug":"un-fin-de-semana-a-todo-motor-para-los-sampedrinos","status":"publish","type":"post","link":"https:\/\/eldiariodesanpedro.com.ar\/sitio\/un-fin-de-semana-a-todo-motor-para-los-sampedrinos\/","title":{"rendered":"Un fin de semana a todo motor para los sampedrinos"},"content":{"rendered":"<p><!-- VideographyWP Plugin Message: Automatic video embedding prevented by plugin options. --><br \/>\nEste fin de semana arranc\u00f3 la temporada 2017 del Car Show Santafesino, en el aut\u00f3dromo de Rafaela. El s\u00e1bado fue con fortuna para el Caso Competici\u00f3n, ya que Alejandro Ramon logr\u00f3 ser el poleman de la categor\u00eda TC 4000, y a su vez lograr el r\u00e9cord del circuito.<br \/>\nEl otro piloto del equipo, Jorge Caso, logr\u00f3 un andar deseado quedando as\u00ed en la posici\u00f3n 13 del clasificador general.<br \/>\nAl largarse la final, Ram\u00f3n se encontraba en la primera posici\u00f3n, debido a la victoria en su serie y caso desde posiciones m\u00e1s atr\u00e1s.<br \/>\nFinalmente, el d\u00eda termin\u00f3 con un gusto amargo ya que ambos pilotos tuvieron problemas en sus respectivos motores, y debieron abandonar.<br \/>\nLa carrera fue ganada por Juan Pablo Marconi, escoltado por Marcos Engler y Ariel Yacob.<br \/>\nEl \u00abpescadito\u00bb Dom\u00ednguez hizo su debut en la categor\u00eda Turismo Fiat Santafesino, siendo esta la m\u00e1s numerosa.<br \/>\nEn la clasificaci\u00f3n establecida el s\u00e1bado se ubic\u00f3 en la posici\u00f3n 33, adapt\u00e1ndose al auto y tambi\u00e9n a los aut\u00f3dromos de gran velocidad y distancia. El domingo por la ma\u00f1ana la serie logr\u00f3 terminarla en la ubicaci\u00f3n 17 debido a un recargo.<br \/>\nYa por la tarde cuando se pon\u00eda en marcha la final, Federico logr\u00f3 obtener un buen ritmo en carrera, hasta que por desgracia fue protagonista de un choque sin consecuencias graves para los pilotos. Terminada la competencia, lo tuvo en lo m\u00e1s alto a Juan Marcelo Lecce, seguido por Abel Sanchez y completando el podio Mat\u00edas Cravero.<br \/>\nLa pr\u00f3xima fecha de esta federaci\u00f3n ser\u00e1 en la ciudad de Parana, los d\u00edas 25 y 26 de marzo.<br \/>\nA nivel nacional, en este caso en el TCPM (Turismo Carretera Pista Mouras), nos estuvo representando una vez m\u00e1s el joven Fernando \u00abMorro\u00bb Iglesias en el aut\u00f3dromo Roberto Mouras de La Plata, culminando la final y viendo la esperada bandera a cuadros en la posici\u00f3n 12. El Iglesias Competici\u00f3n siempre sigue trabajando en el auto para poder mostrar el mejor rendimiento en pista, por lo cual se est\u00e1n viendo mejoras desde la primer fecha.<br \/>\nLa tercera y pr\u00f3xima ser\u00e1 el 26 de marzo en escenario a confirmar por la ACTC.<\/p>\n<div data-carousel-extra='{&quot;blog_id&quot;:1,&quot;permalink&quot;:&quot;https:\/\/eldiariodesanpedro.com.ar\/sitio\/un-fin-de-semana-a-todo-motor-para-los-sampedrinos\/&quot;}' id='gallery-1' class='gallery galleryid-15386 gallery-columns-4 gallery-size-medium'><figure class='gallery-item'>\n\t\t\t<div class='gallery-icon landscape'>\n\t\t\t\t<a href='https:\/\/eldiariodesanpedro.com.ar\/sitio\/un-fin-de-semana-a-todo-motor-para-los-sampedrinos\/4-12\/'><img decoding=\"async\" width=\"300\" height=\"225\" data-src=\"https:\/\/eldiariodesanpedro.com.ar\/sitio\/wp-content\/uploads\/2017\/03\/4-300x225.jpg\" class=\"attachment-medium size-medium lazyload\" alt=\"El Diario de San Pedro | Noticias locales y regionales\" aria-describedby=\"gallery-1-15390\" data-srcset=\"https:\/\/eldiariodesanpedro.com.ar\/sitio\/wp-content\/uploads\/2017\/03\/4-300x225.jpg 300w, https:\/\/eldiariodesanpedro.com.ar\/sitio\/wp-content\/uploads\/2017\/03\/4-768x576.jpg 768w, https:\/\/eldiariodesanpedro.com.ar\/sitio\/wp-content\/uploads\/2017\/03\/4-1024x768.jpg 1024w, https:\/\/eldiariodesanpedro.com.ar\/sitio\/wp-content\/uploads\/2017\/03\/4-e1488379846682.jpg 800w\" data-sizes=\"(max-width: 300px) 100vw, 300px\" data-attachment-id=\"15390\" data-permalink=\"https:\/\/eldiariodesanpedro.com.ar\/sitio\/un-fin-de-semana-a-todo-motor-para-los-sampedrinos\/4-12\/\" data-orig-file=\"https:\/\/eldiariodesanpedro.com.ar\/sitio\/wp-content\/uploads\/2017\/03\/4-e1488379846682.jpg\" data-orig-size=\"800,600\" data-comments-opened=\"1\" data-image-meta=\"{&quot;aperture&quot;:&quot;0&quot;,&quot;credit&quot;:&quot;&quot;,&quot;camera&quot;:&quot;&quot;,&quot;caption&quot;:&quot;&quot;,&quot;created_timestamp&quot;:&quot;0&quot;,&quot;copyright&quot;:&quot;&quot;,&quot;focal_length&quot;:&quot;0&quot;,&quot;iso&quot;:&quot;0&quot;,&quot;shutter_speed&quot;:&quot;0&quot;,&quot;title&quot;:&quot;&quot;,&quot;orientation&quot;:&quot;1&quot;}\" data-image-title=\"Caso Competicion\" data-image-description=\"\" data-image-caption=\"&lt;p&gt;Los dos impecables autos del Caso Competicion. (FUENTE: Volantes y Motores)&lt;\/p&gt;\n\" data-large-file=\"https:\/\/eldiariodesanpedro.com.ar\/sitio\/wp-content\/uploads\/2017\/03\/4-1024x768.jpg\" src=\"data:image\/svg+xml;base64,PHN2ZyB3aWR0aD0iMSIgaGVpZ2h0PSIxIiB4bWxucz0iaHR0cDovL3d3dy53My5vcmcvMjAwMC9zdmciPjwvc3ZnPg==\" style=\"--smush-placeholder-width: 300px; --smush-placeholder-aspect-ratio: 300\/225;\" \/><\/a>\n\t\t\t<\/div>\n\t\t\t\t<figcaption class='wp-caption-text gallery-caption' id='gallery-1-15390'>\n\t\t\t\tLos dos impecables autos del Caso Competicion. (FUENTE: Volantes y Motores)\n\t\t\t\t<\/figcaption><\/figure><figure class='gallery-item'>\n\t\t\t<div class='gallery-icon landscape'>\n\t\t\t\t<a href='https:\/\/eldiariodesanpedro.com.ar\/sitio\/un-fin-de-semana-a-todo-motor-para-los-sampedrinos\/3-19\/'><img decoding=\"async\" width=\"300\" height=\"225\" data-src=\"https:\/\/eldiariodesanpedro.com.ar\/sitio\/wp-content\/uploads\/2017\/03\/3-300x225.jpg\" class=\"attachment-medium size-medium lazyload\" alt=\"El Diario de San Pedro | Noticias locales y regionales\" aria-describedby=\"gallery-1-15389\" data-srcset=\"https:\/\/eldiariodesanpedro.com.ar\/sitio\/wp-content\/uploads\/2017\/03\/3-300x225.jpg 300w, https:\/\/eldiariodesanpedro.com.ar\/sitio\/wp-content\/uploads\/2017\/03\/3-768x576.jpg 768w, https:\/\/eldiariodesanpedro.com.ar\/sitio\/wp-content\/uploads\/2017\/03\/3-1024x768.jpg 1024w, https:\/\/eldiariodesanpedro.com.ar\/sitio\/wp-content\/uploads\/2017\/03\/3-e1488379722846.jpg 800w\" data-sizes=\"(max-width: 300px) 100vw, 300px\" data-attachment-id=\"15389\" data-permalink=\"https:\/\/eldiariodesanpedro.com.ar\/sitio\/un-fin-de-semana-a-todo-motor-para-los-sampedrinos\/3-19\/\" data-orig-file=\"https:\/\/eldiariodesanpedro.com.ar\/sitio\/wp-content\/uploads\/2017\/03\/3-e1488379722846.jpg\" data-orig-size=\"800,600\" data-comments-opened=\"1\" data-image-meta=\"{&quot;aperture&quot;:&quot;0&quot;,&quot;credit&quot;:&quot;&quot;,&quot;camera&quot;:&quot;&quot;,&quot;caption&quot;:&quot;&quot;,&quot;created_timestamp&quot;:&quot;0&quot;,&quot;copyright&quot;:&quot;&quot;,&quot;focal_length&quot;:&quot;0&quot;,&quot;iso&quot;:&quot;0&quot;,&quot;shutter_speed&quot;:&quot;0&quot;,&quot;title&quot;:&quot;&quot;,&quot;orientation&quot;:&quot;1&quot;}\" data-image-title=\"Alejandro Ramon\" data-image-description=\"\" data-image-caption=\"&lt;p&gt;El auto del poleman del Tc 4000, Alejandro Ramon, en Rafaela esperando la final. (FUENTE: Volanres y Motores)&lt;\/p&gt;\n\" data-large-file=\"https:\/\/eldiariodesanpedro.com.ar\/sitio\/wp-content\/uploads\/2017\/03\/3-1024x768.jpg\" src=\"data:image\/svg+xml;base64,PHN2ZyB3aWR0aD0iMSIgaGVpZ2h0PSIxIiB4bWxucz0iaHR0cDovL3d3dy53My5vcmcvMjAwMC9zdmciPjwvc3ZnPg==\" style=\"--smush-placeholder-width: 300px; --smush-placeholder-aspect-ratio: 300\/225;\" \/><\/a>\n\t\t\t<\/div>\n\t\t\t\t<figcaption class='wp-caption-text gallery-caption' id='gallery-1-15389'>\n\t\t\t\tEl auto del poleman del Tc 4000, Alejandro Ramon, en Rafaela esperando la final. (FUENTE: Volanres y Motores)\n\t\t\t\t<\/figcaption><\/figure><figure class='gallery-item'>\n\t\t\t<div class='gallery-icon landscape'>\n\t\t\t\t<a href='https:\/\/eldiariodesanpedro.com.ar\/sitio\/un-fin-de-semana-a-todo-motor-para-los-sampedrinos\/2-28\/'><img decoding=\"async\" width=\"300\" height=\"225\" data-src=\"https:\/\/eldiariodesanpedro.com.ar\/sitio\/wp-content\/uploads\/2017\/03\/2-300x225.jpg\" class=\"attachment-medium size-medium lazyload\" alt=\"El Diario de San Pedro | Noticias locales y regionales\" aria-describedby=\"gallery-1-15388\" data-srcset=\"https:\/\/eldiariodesanpedro.com.ar\/sitio\/wp-content\/uploads\/2017\/03\/2-300x225.jpg 300w, https:\/\/eldiariodesanpedro.com.ar\/sitio\/wp-content\/uploads\/2017\/03\/2-768x576.jpg 768w, https:\/\/eldiariodesanpedro.com.ar\/sitio\/wp-content\/uploads\/2017\/03\/2-1024x768.jpg 1024w, https:\/\/eldiariodesanpedro.com.ar\/sitio\/wp-content\/uploads\/2017\/03\/2-e1488379596759.jpg 800w\" data-sizes=\"(max-width: 300px) 100vw, 300px\" data-attachment-id=\"15388\" data-permalink=\"https:\/\/eldiariodesanpedro.com.ar\/sitio\/un-fin-de-semana-a-todo-motor-para-los-sampedrinos\/2-28\/\" data-orig-file=\"https:\/\/eldiariodesanpedro.com.ar\/sitio\/wp-content\/uploads\/2017\/03\/2-e1488379596759.jpg\" data-orig-size=\"800,600\" data-comments-opened=\"1\" data-image-meta=\"{&quot;aperture&quot;:&quot;0&quot;,&quot;credit&quot;:&quot;&quot;,&quot;camera&quot;:&quot;&quot;,&quot;caption&quot;:&quot;&quot;,&quot;created_timestamp&quot;:&quot;0&quot;,&quot;copyright&quot;:&quot;&quot;,&quot;focal_length&quot;:&quot;0&quot;,&quot;iso&quot;:&quot;0&quot;,&quot;shutter_speed&quot;:&quot;0&quot;,&quot;title&quot;:&quot;&quot;,&quot;orientation&quot;:&quot;1&quot;}\" data-image-title=\"Pescadito Dominguez\" data-image-description=\"\" data-image-caption=\"&lt;p&gt;El da\u00f1o f\u00edsico causado en los autos, uno de ellos del Pescadito Dom\u00ednguez (FUENTE: Volantes y Motores)&lt;\/p&gt;\n\" data-large-file=\"https:\/\/eldiariodesanpedro.com.ar\/sitio\/wp-content\/uploads\/2017\/03\/2-1024x768.jpg\" src=\"data:image\/svg+xml;base64,PHN2ZyB3aWR0aD0iMSIgaGVpZ2h0PSIxIiB4bWxucz0iaHR0cDovL3d3dy53My5vcmcvMjAwMC9zdmciPjwvc3ZnPg==\" style=\"--smush-placeholder-width: 300px; --smush-placeholder-aspect-ratio: 300\/225;\" \/><\/a>\n\t\t\t<\/div>\n\t\t\t\t<figcaption class='wp-caption-text gallery-caption' id='gallery-1-15388'>\n\t\t\t\tEl da\u00f1o f\u00edsico causado en los autos, uno de ellos del Pescadito Dom\u00ednguez (FUENTE: Volantes y Motores)\n\t\t\t\t<\/figcaption><\/figure><figure class='gallery-item'>\n\t\t\t<div class='gallery-icon landscape'>\n\t\t\t\t<a href='https:\/\/eldiariodesanpedro.com.ar\/sitio\/un-fin-de-semana-a-todo-motor-para-los-sampedrinos\/1-42\/'><img decoding=\"async\" width=\"300\" height=\"225\" data-src=\"https:\/\/eldiariodesanpedro.com.ar\/sitio\/wp-content\/uploads\/2017\/03\/1-300x225.jpg\" class=\"attachment-medium size-medium lazyload\" alt=\"El Diario de San Pedro | Noticias locales y regionales\" aria-describedby=\"gallery-1-15387\" data-srcset=\"https:\/\/eldiariodesanpedro.com.ar\/sitio\/wp-content\/uploads\/2017\/03\/1-300x225.jpg 300w, https:\/\/eldiariodesanpedro.com.ar\/sitio\/wp-content\/uploads\/2017\/03\/1-768x576.jpg 768w, https:\/\/eldiariodesanpedro.com.ar\/sitio\/wp-content\/uploads\/2017\/03\/1-1024x768.jpg 1024w, https:\/\/eldiariodesanpedro.com.ar\/sitio\/wp-content\/uploads\/2017\/03\/1-e1488379574246.jpg 800w\" data-sizes=\"(max-width: 300px) 100vw, 300px\" data-attachment-id=\"15387\" data-permalink=\"https:\/\/eldiariodesanpedro.com.ar\/sitio\/un-fin-de-semana-a-todo-motor-para-los-sampedrinos\/1-42\/\" data-orig-file=\"https:\/\/eldiariodesanpedro.com.ar\/sitio\/wp-content\/uploads\/2017\/03\/1-e1488379574246.jpg\" data-orig-size=\"800,600\" data-comments-opened=\"1\" data-image-meta=\"{&quot;aperture&quot;:&quot;0&quot;,&quot;credit&quot;:&quot;&quot;,&quot;camera&quot;:&quot;&quot;,&quot;caption&quot;:&quot;&quot;,&quot;created_timestamp&quot;:&quot;0&quot;,&quot;copyright&quot;:&quot;&quot;,&quot;focal_length&quot;:&quot;0&quot;,&quot;iso&quot;:&quot;0&quot;,&quot;shutter_speed&quot;:&quot;0&quot;,&quot;title&quot;:&quot;&quot;,&quot;orientation&quot;:&quot;1&quot;}\" data-image-title=\"Morro Iglesias\" data-image-description=\"\" data-image-caption=\"&lt;p&gt;El auto del Morro Iglesias dentro del box en La Plata (FUENTE: Morro Iglesias)&lt;\/p&gt;\n\" data-large-file=\"https:\/\/eldiariodesanpedro.com.ar\/sitio\/wp-content\/uploads\/2017\/03\/1-1024x768.jpg\" src=\"data:image\/svg+xml;base64,PHN2ZyB3aWR0aD0iMSIgaGVpZ2h0PSIxIiB4bWxucz0iaHR0cDovL3d3dy53My5vcmcvMjAwMC9zdmciPjwvc3ZnPg==\" style=\"--smush-placeholder-width: 300px; --smush-placeholder-aspect-ratio: 300\/225;\" \/><\/a>\n\t\t\t<\/div>\n\t\t\t\t<figcaption class='wp-caption-text gallery-caption' id='gallery-1-15387'>\n\t\t\t\tEl auto del Morro Iglesias dentro del box en La Plata (FUENTE: Morro Iglesias)\n\t\t\t\t<\/figcaption><\/figure>\n\t\t<\/div>\n\n","protected":false},"excerpt":{"rendered":"<p>Este fin de semana arranc\u00f3 la temporada 2017 del Car Show Santafesino, en el aut\u00f3dromo de Rafaela. El s\u00e1bado fue con fortuna para el Caso Competici\u00f3n, ya que Alejandro Ramon logr\u00f3 ser el poleman de la categor\u00eda TC 4000, y a su vez lograr el r\u00e9cord del circuito. El otro piloto del equipo, Jorge Caso, [&hellip;]<\/p>\n","protected":false},"author":4,"featured_media":15387,"comment_status":"open","ping_status":"closed","sticky":false,"template":"","format":"standard","meta":{"om_disable_all_campaigns":false,"_jetpack_memberships_contains_paid_content":false,"footnotes":""},"categories":[5],"tags":[],"class_list":["post-15386","post","type-post","status-publish","format-standard","has-post-thumbnail","hentry","category-deportes"],"aioseo_notices":[],"gutentor_comment":0,"jetpack_featured_media_url":"https:\/\/eldiariodesanpedro.com.ar\/sitio\/wp-content\/uploads\/2017\/03\/1-e1488379574246.jpg","jetpack_shortlink":"https:\/\/wp.me\/p6RhLt-40a","jetpack_sharing_enabled":true,"_links":{"self":[{"href":"https:\/\/eldiariodesanpedro.com.ar\/sitio\/wp-json\/wp\/v2\/posts\/15386","targetHints":{"allow":["GET"]}}],"collection":[{"href":"https:\/\/eldiariodesanpedro.com.ar\/sitio\/wp-json\/wp\/v2\/posts"}],"about":[{"href":"https:\/\/eldiariodesanpedro.com.ar\/sitio\/wp-json\/wp\/v2\/types\/post"}],"author":[{"embeddable":true,"href":"https:\/\/eldiariodesanpedro.com.ar\/sitio\/wp-json\/wp\/v2\/users\/4"}],"replies":[{"embeddable":true,"href":"https:\/\/eldiariodesanpedro.com.ar\/sitio\/wp-json\/wp\/v2\/comments?post=15386"}],"version-history":[{"count":1,"href":"https:\/\/eldiariodesanpedro.com.ar\/sitio\/wp-json\/wp\/v2\/posts\/15386\/revisions"}],"predecessor-version":[{"id":15391,"href":"https:\/\/eldiariodesanpedro.com.ar\/sitio\/wp-json\/wp\/v2\/posts\/15386\/revisions\/15391"}],"wp:featuredmedia":[{"embeddable":true,"href":"https:\/\/eldiariodesanpedro.com.ar\/sitio\/wp-json\/wp\/v2\/media\/15387"}],"wp:attachment":[{"href":"https:\/\/eldiariodesanpedro.com.ar\/sitio\/wp-json\/wp\/v2\/media?parent=15386"}],"wp:term":[{"taxonomy":"category","embeddable":true,"href":"https:\/\/eldiariodesanpedro.com.ar\/sitio\/wp-json\/wp\/v2\/categories?post=15386"},{"taxonomy":"post_tag","embeddable":true,"href":"https:\/\/eldiariodesanpedro.com.ar\/sitio\/wp-json\/wp\/v2\/tags?post=15386"}],"curies":[{"name":"wp","href":"https:\/\/api.w.org\/{rel}","templated":true}]}}