{"id":15383,"date":"2017-03-01T11:15:28","date_gmt":"2017-03-01T14:15:28","guid":{"rendered":"https:\/\/eldiariodesanpedro.com.ar\/sitio\/?p=15383"},"modified":"2017-03-01T14:11:30","modified_gmt":"2017-03-01T17:11:30","slug":"monfasani-estamos-escuchando-los-problemas-que-la-gente-tiene-para-tratar-de-solucionarlos","status":"publish","type":"post","link":"https:\/\/eldiariodesanpedro.com.ar\/sitio\/monfasani-estamos-escuchando-los-problemas-que-la-gente-tiene-para-tratar-de-solucionarlos\/","title":{"rendered":"Monfasani: \u00abEstamos escuchando los problemas que la gente tiene para poder solucionarlos\u00bb"},"content":{"rendered":"<p><!-- VideographyWP Plugin Message: Automatic video embedding prevented by plugin options. --><br \/>\nEl diputado provincial Daniel Monfasani, representante de la segunda secci\u00f3n electoral, visit\u00f3 nuestras oficinas de El Diario de San Pedro donde hablamos de sus proyectos y sobre la visita del referente del Frente Renovador Sergio Massa el pasado viernes.<br \/>\nSergio Massa visit\u00f3 nuestra ciudad en una recorrida que se encuentra realizando por los 135 distritos de la ciudad de Buenos Aires por su propia cuenta y sin hacer campa\u00f1a pol\u00edtica, m\u00e1s que nada visitando las instituciones intermedias, asociaciones de bien p\u00fablico entre otras organizaciones.<br \/>\nEl d\u00eda viernes visit\u00f3 la ciudad de Z\u00e1rate, Bomberos de Baradero y Andar de nuestra ciudad, donde entreg\u00f3 un televisor y un ventilador.<br \/>\nEl diputado provincial Monfasani nos dijo: \u00abMe llam\u00f3 20 minutos antes de salir de Baradero, me invit\u00f3 a tomar un caf\u00e9 en el Butti, le dije que por supuesto que s\u00ed. Cuando lleg\u00f3 se comi\u00f3 un s\u00e1ndwich y se tom\u00f3 una gaseosa y despu\u00e9s se fue a Z\u00e1rate donde visit\u00f3 un taller protegido\u00bb. Adem\u00e1s agreg\u00f3 sobre el tema \u00abes la metodolog\u00eda que tiene y por ah\u00ed algunos concejales del distrito se enojan porque no se les avis\u00f3, viene sin hacer pol\u00edtica y fue casualidad que justo estaba un periodista tomando un caf\u00e9 cuando lleg\u00f3 \u00e9l y les aviso a los dem\u00e1s medios pero le quisieron hacer notas y no quiso\u00bb.<br \/>\n\u00ab\u00c9l conoce la ciudad hace m\u00e1s de 20 a\u00f1os y sabe bien las necesidades que tuvimos estos \u00faltimos a\u00f1os y las que seguimos teniendo. Muchos dirigentes de San Pedro se han reunido con \u00e9l y han ido a conocer el centro de monitoreo de Tigre y han visto el desarrollo que tiene esa ciudad, \u00e9l est\u00e1 al tanto de todo lo que le pasa a nuestra ciudad porque se lo hemos reiterado varias veces\u00bb.<\/p>\n<p>Reuni\u00f3n de La Renovadora San Pedro<\/p>\n<p>Daniel Monfasani tambi\u00e9n nos coment\u00f3 sobre el grupo de j\u00f3venes que vienen trabajando desde ya mucho tiempo atr\u00e1s y que su fin es ayudar a las instituciones intermedias y tratar de colaborar con las familias con necesidades a nivel local.<br \/>\nEl diputado nos dijo: \u00abLa juventud que apoya a Sergio Massa a nivel nacional, provincial y local se denomina La Renovadora y tuvimos la posibilidad de llevar a cabo un encuentro con varios j\u00f3venes de la segunda secci\u00f3n electoral el d\u00eda s\u00e1bado a las 17:30 en nuestro local partidario ubicado en calle 25 de Mayo, donde se intercambiaron proyectos, discutieron sobre cada una de las realidades de los distritos y adem\u00e1s se habl\u00f3 sobre algunos proyectos que se presentan en los correspondientes concejos deliberantes\u00bb.<\/p>\n<p>Las pr\u00f3ximas elecciones legislativas<\/p>\n<p>El diputado provincial del Frente Renovador se encuentra prepar\u00e1ndose para las pr\u00f3ximas elecciones a llevarse a cabo este a\u00f1o, trabajando con la gente, tratando de colaborar con lo que puede aportando desde su lugar en la Legislatura en la provincia de Buenos Aires.<br \/>\n\u00c9l nos comenta: \u00abEn lo que podemos ayudar a la gente lo hacemos, estamos en un mano a mano constante tratando de solucionar necesidades, aunque en este momento estamos m\u00e1s que nada escuchando los problemas por los que est\u00e1 pasando la gente, se est\u00e1n quedando sin trabajos, la plata no les alcanza por el tema de los tarifazos y no saben c\u00f3mo llegar a fin de mes, en un mes tambi\u00e9n tan dif\u00edcil como el de marzo donde los chicos empiezan la escuela y hay que reponer todo lo que necesitan para los estudios, los salarios que no aumentan entre otros problemas que aflige a las personas\u00bb<br \/>\nSeg\u00fan el legislador, quien dice tener una buena relaci\u00f3n con los ministros a pesar de ser de otro partido pol\u00edtico, y estar trabajando mucho con otros que no son afines al gobierno nacional y provincial, expres\u00f3 muchos municipios requieren ayuda de la legislatura para poder intercambiar preocupaciones de lo que les est\u00e1 sucediendo en cada uno de los distritos y conseguir la ayuda que necesitan para poder salir adelante en el mal momento que atraviesa el pa\u00eds.<\/p>\n","protected":false},"excerpt":{"rendered":"<p>El diputado provincial Daniel Monfasani, representante de la segunda secci\u00f3n electoral, visit\u00f3 nuestras oficinas de El Diario de San Pedro donde hablamos de sus proyectos y sobre la visita del referente del Frente Renovador Sergio Massa el pasado viernes. Sergio Massa visit\u00f3 nuestra ciudad en una recorrida que se encuentra realizando por los 135 distritos [&hellip;]<\/p>\n","protected":false},"author":4,"featured_media":15384,"comment_status":"open","ping_status":"closed","sticky":false,"template":"","format":"standard","meta":{"om_disable_all_campaigns":false,"_jetpack_memberships_contains_paid_content":false,"footnotes":""},"categories":[2,102],"tags":[],"class_list":["post-15383","post","type-post","status-publish","format-standard","has-post-thumbnail","hentry","category-locales","category-politica-locales"],"aioseo_notices":[],"gutentor_comment":0,"jetpack_featured_media_url":"https:\/\/eldiariodesanpedro.com.ar\/sitio\/wp-content\/uploads\/2017\/03\/monfasani_diputado_0.jpg","jetpack_shortlink":"https:\/\/wp.me\/p6RhLt-407","jetpack_sharing_enabled":true,"_links":{"self":[{"href":"https:\/\/eldiariodesanpedro.com.ar\/sitio\/wp-json\/wp\/v2\/posts\/15383","targetHints":{"allow":["GET"]}}],"collection":[{"href":"https:\/\/eldiariodesanpedro.com.ar\/sitio\/wp-json\/wp\/v2\/posts"}],"about":[{"href":"https:\/\/eldiariodesanpedro.com.ar\/sitio\/wp-json\/wp\/v2\/types\/post"}],"author":[{"embeddable":true,"href":"https:\/\/eldiariodesanpedro.com.ar\/sitio\/wp-json\/wp\/v2\/users\/4"}],"replies":[{"embeddable":true,"href":"https:\/\/eldiariodesanpedro.com.ar\/sitio\/wp-json\/wp\/v2\/comments?post=15383"}],"version-history":[{"count":2,"href":"https:\/\/eldiariodesanpedro.com.ar\/sitio\/wp-json\/wp\/v2\/posts\/15383\/revisions"}],"predecessor-version":[{"id":15401,"href":"https:\/\/eldiariodesanpedro.com.ar\/sitio\/wp-json\/wp\/v2\/posts\/15383\/revisions\/15401"}],"wp:featuredmedia":[{"embeddable":true,"href":"https:\/\/eldiariodesanpedro.com.ar\/sitio\/wp-json\/wp\/v2\/media\/15384"}],"wp:attachment":[{"href":"https:\/\/eldiariodesanpedro.com.ar\/sitio\/wp-json\/wp\/v2\/media?parent=15383"}],"wp:term":[{"taxonomy":"category","embeddable":true,"href":"https:\/\/eldiariodesanpedro.com.ar\/sitio\/wp-json\/wp\/v2\/categories?post=15383"},{"taxonomy":"post_tag","embeddable":true,"href":"https:\/\/eldiariodesanpedro.com.ar\/sitio\/wp-json\/wp\/v2\/tags?post=15383"}],"curies":[{"name":"wp","href":"https:\/\/api.w.org\/{rel}","templated":true}]}}