{"id":15380,"date":"2017-03-01T10:16:49","date_gmt":"2017-03-01T13:16:49","guid":{"rendered":"https:\/\/eldiariodesanpedro.com.ar\/sitio\/?p=15380"},"modified":"2017-03-01T10:16:49","modified_gmt":"2017-03-01T13:16:49","slug":"inscripcion-abierta-para-la-carrera-de-administracion-de-la-empresa-agropecuaria-dicada-por-el-isea","status":"publish","type":"post","link":"https:\/\/eldiariodesanpedro.com.ar\/sitio\/inscripcion-abierta-para-la-carrera-de-administracion-de-la-empresa-agropecuaria-dicada-por-el-isea\/","title":{"rendered":"Inscripci\u00f3n abierta para la carrera de administraci\u00f3n de la empresa agropecuaria dicada por el ISEA"},"content":{"rendered":"<p><!-- VideographyWP Plugin Message: Automatic video embedding prevented by plugin options. --><br \/>\nLa Sociedad Rural de San Pedro informa que ya est\u00e1 abierta la inscripci\u00f3n a la Carrera de Administraci\u00f3n de la Empresa Agropecuaria y otros cursos, promovida por esta organizaci\u00f3n a trav\u00e9s de su instituto de capacitaci\u00f3n ISEA. Una excelente oportunidad que no requiere movilizarse del lugar, manejar sus propios horarios y sin clases ni evaluaciones presenciales.<\/p>\n<p>El ciclo comienza el 13 de marzo y las inscripciones cierran el 17. Los interesados pueden acercarse a la Sociedad Rural de San Pedro, en 25 de mayo 410 o por email escribir a socrural@fibertel.com.ar  <\/p>\n<p>Se trata de una carrera planificada por y para productores agropecuarios de un a\u00f1o de duraci\u00f3n. En ella se aprenden los modernos conceptos de producci\u00f3n y administraci\u00f3n de una empresa rural mixta, que permiten obtener una explotaci\u00f3n eficiente en negocios agropecuarios. Adem\u00e1s se pueden tomar los cursos de Biolog\u00eda aplicada al Agro, Manejo eficiente del Suelo, Producci\u00f3n de Bovinos de Carne, Bienestar Animal, Excel Avanzado, y  Administraci\u00f3n de la Empresa Agropecuaria<\/p>\n<p>Los objetivos de la carrera son: Incrementar la producci\u00f3n por unidad de superficie, Lograr un resultado rentable haciendo un uso racional de los recursos naturales, Comprender las cadenas de producci\u00f3n de base agropecuaria a lo largo de toda su extensi\u00f3n, Permite conocer tiempos administrativos de la empresa: pasado, presente y futuro, Analizar resultados econ\u00f3micos de implementaci\u00f3n tecnol\u00f3gica , y Obtener y distinguir las variables vitales de una empresa Agropecuaria.<\/p>\n","protected":false},"excerpt":{"rendered":"<p>La Sociedad Rural de San Pedro informa que ya est\u00e1 abierta la inscripci\u00f3n a la Carrera de Administraci\u00f3n de la Empresa Agropecuaria y otros cursos, promovida por esta organizaci\u00f3n a trav\u00e9s de su instituto de capacitaci\u00f3n ISEA. Una excelente oportunidad que no requiere movilizarse del lugar, manejar sus propios horarios y sin clases ni evaluaciones [&hellip;]<\/p>\n","protected":false},"author":4,"featured_media":15381,"comment_status":"open","ping_status":"closed","sticky":false,"template":"","format":"standard","meta":{"om_disable_all_campaigns":false,"_jetpack_memberships_contains_paid_content":false,"footnotes":""},"categories":[101,2],"tags":[],"class_list":["post-15380","post","type-post","status-publish","format-standard","has-post-thumbnail","hentry","category-interes-general-locales","category-locales"],"aioseo_notices":[],"gutentor_comment":0,"jetpack_featured_media_url":"https:\/\/eldiariodesanpedro.com.ar\/sitio\/wp-content\/uploads\/2017\/03\/T\u00e9cnico-Superior-en-Producci\u00f3n-y-Administraci\u00f3n-Rural-e1488374188892.jpg","jetpack_shortlink":"https:\/\/wp.me\/p6RhLt-404","jetpack_sharing_enabled":true,"_links":{"self":[{"href":"https:\/\/eldiariodesanpedro.com.ar\/sitio\/wp-json\/wp\/v2\/posts\/15380","targetHints":{"allow":["GET"]}}],"collection":[{"href":"https:\/\/eldiariodesanpedro.com.ar\/sitio\/wp-json\/wp\/v2\/posts"}],"about":[{"href":"https:\/\/eldiariodesanpedro.com.ar\/sitio\/wp-json\/wp\/v2\/types\/post"}],"author":[{"embeddable":true,"href":"https:\/\/eldiariodesanpedro.com.ar\/sitio\/wp-json\/wp\/v2\/users\/4"}],"replies":[{"embeddable":true,"href":"https:\/\/eldiariodesanpedro.com.ar\/sitio\/wp-json\/wp\/v2\/comments?post=15380"}],"version-history":[{"count":1,"href":"https:\/\/eldiariodesanpedro.com.ar\/sitio\/wp-json\/wp\/v2\/posts\/15380\/revisions"}],"predecessor-version":[{"id":15382,"href":"https:\/\/eldiariodesanpedro.com.ar\/sitio\/wp-json\/wp\/v2\/posts\/15380\/revisions\/15382"}],"wp:featuredmedia":[{"embeddable":true,"href":"https:\/\/eldiariodesanpedro.com.ar\/sitio\/wp-json\/wp\/v2\/media\/15381"}],"wp:attachment":[{"href":"https:\/\/eldiariodesanpedro.com.ar\/sitio\/wp-json\/wp\/v2\/media?parent=15380"}],"wp:term":[{"taxonomy":"category","embeddable":true,"href":"https:\/\/eldiariodesanpedro.com.ar\/sitio\/wp-json\/wp\/v2\/categories?post=15380"},{"taxonomy":"post_tag","embeddable":true,"href":"https:\/\/eldiariodesanpedro.com.ar\/sitio\/wp-json\/wp\/v2\/tags?post=15380"}],"curies":[{"name":"wp","href":"https:\/\/api.w.org\/{rel}","templated":true}]}}