{"id":15377,"date":"2017-03-01T09:11:49","date_gmt":"2017-03-01T12:11:49","guid":{"rendered":"https:\/\/eldiariodesanpedro.com.ar\/sitio\/?p=15377"},"modified":"2017-03-01T09:11:49","modified_gmt":"2017-03-01T12:11:49","slug":"solicitan-al-intendente-de-ramallo-que-controle-el-sobrepeso-de-camiones-areneros","status":"publish","type":"post","link":"https:\/\/eldiariodesanpedro.com.ar\/sitio\/solicitan-al-intendente-de-ramallo-que-controle-el-sobrepeso-de-camiones-areneros\/","title":{"rendered":"Solicitan al Intendente de Ramallo que controle el sobrepeso de camiones areneros"},"content":{"rendered":"<p><!-- VideographyWP Plugin Message: Automatic video embedding prevented by plugin options. --><br \/>\nLa C\u00e1mara de Arena, Piedra y Navegaci\u00f3n Fluvial del Litoral (CAPNAF) pidi\u00f3 una audiencia al Intendente de Ramallo, Mauro Poletti, para que se controle y no se permita salir camiones con sobrepeso desde su municipio.<\/p>\n<p>La iniciativa permitir\u00e1, no solo que se cuiden las rutas y caminos, sino tambi\u00e9n que haya una uniformidad en las disposiciones de los municipios. Las empresas locales sostuvieron que al comenzar los rigurosos controles, quedaban imposibilitadas de competir con sus pares de otras localidad que no ejerc\u00edan ninguna penalidad para los camiones que part\u00edan con exceso de carga.<\/p>\n<p>Mediante una nota la Comisi\u00f3n Directiva sostuvo: \u201cNos dirigimos a Ud. (a Poletti) a fin de solicitar una URGENTE Audiencia a efecto de tratar como tema principal el control de peso de los camiones que transportan arena y transitan por el Ejido Municipal\u201d.<\/p>\n<p>\u201cDiversas reuniones con los Organismo de Control correspondientes, a fin de lograr un estricto control de las cargas del sector arenero, por rutas terrestres\u201d, sostienen en la misiva. Y contin\u00faan: \u201cEn particular con la Direcci\u00f3n Provincial de Vialidad de la Provincia de Santa Fe a cargo del Ingeniero Pablo Seghezzo se ha avanzado en trabajos mancomunados para controlar exhaustivamente dicho control en el Sector Santa Fe\u201d.<\/p>\n<p>All\u00ed se \u201cles ofreci\u00f3 suscribir convenios de Delegaci\u00f3n de las facultades de Fiscalizaci\u00f3n de las normas de control de peso dentro del Ejido Municipal, en un todo de conformidad con lo establecido por el articulo 4\u00b0 de la ley 12.354; y asimismo les puso a disposici\u00f3n balanzas para que realizaran tales controles\u201d.<\/p>\n<p>En tanto que sostuvieron: \u201cTambi\u00e9n hemos estado reunidos con el Administrador de Vialidad Nacional Ingeniero Javier Iguacel quien no ha ofrecido toda su colaboraci\u00f3n para que cumplamos con nuestro cometido\u201d.<\/p>\n<p>Al tiempo que agregan: \u201cLa carga de Kilos en exceso, adem\u00e1s de ser un acto ilegal que destruye las calles y caminos de vuestro municipio, rutas provinciales y nacionales y\/o provoca accidentes, genera competencia desleal en nuestro Sector, pues los Transportistas buscan cargar donde se les permite llevar kilos en exceso\u201d.<\/p>\n<p>\u201cLos Intendentes, como titulares del Poder Ejecutivo Municipal y Funcionarios P\u00fablicos se encuentran obligados a velar por la seguridad de sus habitantes, por la protecci\u00f3n de los bienes del Estado Municipal, entre ellos sus caminos y calles, y asimismo para velar por el cumplimiento de las normativas nacionales y provinciales dentro de su territorio\u201d, afirmaron seguidamente.<\/p>\n<p>Y adem\u00e1s, en ese sentido, citan lo sucedido en nuestra ciudad: \u201cAsumiendo tales obligaciones el Intendente de la ciudad de San Pedro ( Provincia de Buenos Aires ), Don Cecilio Salazar implement\u00f3 un riguroso control sobre las cargas de arena. Ning\u00fan cami\u00f3n arena puede transitar ni salir de dicha ciudad, sino controla previamente su carga, en los revisores de carga que el Municipio ha designado a tal efecto\u201d.<\/p>\n<p>\u201cPor los motivos expuestos y teniendo en cuenta que \u00e9sta C\u00e1mara ha tomado la firme decisi\u00f3n en combatir el Exceso de Kilos en las cargas de arena, en toda su jurisdicci\u00f3n, es que le SOLICITAMOS la Audiencia antes se\u00f1alada a la brevedad posible\u201d, expresaron por \u00faltimo.<\/p>\n","protected":false},"excerpt":{"rendered":"<p>La C\u00e1mara de Arena, Piedra y Navegaci\u00f3n Fluvial del Litoral (CAPNAF) pidi\u00f3 una audiencia al Intendente de Ramallo, Mauro Poletti, para que se controle y no se permita salir camiones con sobrepeso desde su municipio. La iniciativa permitir\u00e1, no solo que se cuiden las rutas y caminos, sino tambi\u00e9n que haya una uniformidad en las [&hellip;]<\/p>\n","protected":false},"author":4,"featured_media":15378,"comment_status":"open","ping_status":"closed","sticky":false,"template":"","format":"standard","meta":{"om_disable_all_campaigns":false,"_jetpack_memberships_contains_paid_content":false,"footnotes":""},"categories":[101,2,621],"tags":[],"class_list":["post-15377","post","type-post","status-publish","format-standard","has-post-thumbnail","hentry","category-interes-general-locales","category-locales","category-regionales"],"aioseo_notices":[],"gutentor_comment":0,"jetpack_featured_media_url":"https:\/\/eldiariodesanpedro.com.ar\/sitio\/wp-content\/uploads\/2017\/03\/nota-intendente-ramalo.jpg","jetpack_shortlink":"https:\/\/wp.me\/p6RhLt-401","jetpack_sharing_enabled":true,"_links":{"self":[{"href":"https:\/\/eldiariodesanpedro.com.ar\/sitio\/wp-json\/wp\/v2\/posts\/15377","targetHints":{"allow":["GET"]}}],"collection":[{"href":"https:\/\/eldiariodesanpedro.com.ar\/sitio\/wp-json\/wp\/v2\/posts"}],"about":[{"href":"https:\/\/eldiariodesanpedro.com.ar\/sitio\/wp-json\/wp\/v2\/types\/post"}],"author":[{"embeddable":true,"href":"https:\/\/eldiariodesanpedro.com.ar\/sitio\/wp-json\/wp\/v2\/users\/4"}],"replies":[{"embeddable":true,"href":"https:\/\/eldiariodesanpedro.com.ar\/sitio\/wp-json\/wp\/v2\/comments?post=15377"}],"version-history":[{"count":1,"href":"https:\/\/eldiariodesanpedro.com.ar\/sitio\/wp-json\/wp\/v2\/posts\/15377\/revisions"}],"predecessor-version":[{"id":15379,"href":"https:\/\/eldiariodesanpedro.com.ar\/sitio\/wp-json\/wp\/v2\/posts\/15377\/revisions\/15379"}],"wp:featuredmedia":[{"embeddable":true,"href":"https:\/\/eldiariodesanpedro.com.ar\/sitio\/wp-json\/wp\/v2\/media\/15378"}],"wp:attachment":[{"href":"https:\/\/eldiariodesanpedro.com.ar\/sitio\/wp-json\/wp\/v2\/media?parent=15377"}],"wp:term":[{"taxonomy":"category","embeddable":true,"href":"https:\/\/eldiariodesanpedro.com.ar\/sitio\/wp-json\/wp\/v2\/categories?post=15377"},{"taxonomy":"post_tag","embeddable":true,"href":"https:\/\/eldiariodesanpedro.com.ar\/sitio\/wp-json\/wp\/v2\/tags?post=15377"}],"curies":[{"name":"wp","href":"https:\/\/api.w.org\/{rel}","templated":true}]}}