{"id":15374,"date":"2017-03-01T09:02:54","date_gmt":"2017-03-01T12:02:54","guid":{"rendered":"https:\/\/eldiariodesanpedro.com.ar\/sitio\/?p=15374"},"modified":"2017-03-01T09:03:55","modified_gmt":"2017-03-01T12:03:55","slug":"condolencias-y-mensaje-por-el-fallecimiento-del-ex-comodoro-jordan-cucit","status":"publish","type":"post","link":"https:\/\/eldiariodesanpedro.com.ar\/sitio\/condolencias-y-mensaje-por-el-fallecimiento-del-ex-comodoro-jordan-cucit\/","title":{"rendered":"Condolencias y mensaje por el fallecimiento del ex Comodoro Jord\u00e1n Cucit"},"content":{"rendered":"<p><!-- VideographyWP Plugin Message: Automatic video embedding prevented by plugin options. --><br \/>\nEl Club N\u00e1utico San Pedro lamenta compartir con todos sus socios y la comunidad, el hondo pesar que causa hoy la muerte del ex Comodoro Jordan Cucit a los 89 a\u00f1os. Por su amor incondicional a nuestra instituci\u00f3n, por su dedicaci\u00f3n como directivo durante a\u00f1os y especialmente por su permanente rescate de la historia m\u00e1s profunda y genuina del club, su legado ser\u00e1 recordado por siempre.<\/p>\n<p>La recopilaci\u00f3n hist\u00f3rica durante d\u00e9cadas, la valorizaci\u00f3n que en sus notas efectu\u00f3 de tantos socios, co directivos y deportistas contempor\u00e1neos, y una manera \u00fanica de relatar las vivencias de las generaciones \u00abcelestes\u00bb lo han hecho merecedor de reconocimientos en los \u00faltimos a\u00f1os que le permitieron recibir aut\u00e9nticos homenajes en vida.<\/p>\n<p>En este momento triste, acompa\u00f1amos a su familia y allegados, reiterando una vez m\u00e1s que Jordan ha sido uno de los vecinos sampedrinos que m\u00e1s intensamente ha sentido a lo largo de toda su vida el orgullo de ser parte del Club N\u00e1utico San Pedro.<\/p>\n<p>Los restos de Jord\u00e1n Cucit son velados en las salas de COOPSER y su sepelio ser\u00e1 esta tarde a las 17 en el Cementerio de San Pedro.<\/p>\n","protected":false},"excerpt":{"rendered":"<p>El Club N\u00e1utico San Pedro lamenta compartir con todos sus socios y la comunidad, el hondo pesar que causa hoy la muerte del ex Comodoro Jordan Cucit a los 89 a\u00f1os. Por su amor incondicional a nuestra instituci\u00f3n, por su dedicaci\u00f3n como directivo durante a\u00f1os y especialmente por su permanente rescate de la historia m\u00e1s [&hellip;]<\/p>\n","protected":false},"author":4,"featured_media":15375,"comment_status":"open","ping_status":"closed","sticky":false,"template":"","format":"standard","meta":{"om_disable_all_campaigns":false,"_jetpack_memberships_contains_paid_content":false,"footnotes":""},"categories":[101,2],"tags":[],"class_list":["post-15374","post","type-post","status-publish","format-standard","has-post-thumbnail","hentry","category-interes-general-locales","category-locales"],"aioseo_notices":[],"gutentor_comment":0,"jetpack_featured_media_url":"https:\/\/eldiariodesanpedro.com.ar\/sitio\/wp-content\/uploads\/2017\/03\/cucit1.jpg","jetpack_shortlink":"https:\/\/wp.me\/p6RhLt-3ZY","jetpack_sharing_enabled":true,"_links":{"self":[{"href":"https:\/\/eldiariodesanpedro.com.ar\/sitio\/wp-json\/wp\/v2\/posts\/15374","targetHints":{"allow":["GET"]}}],"collection":[{"href":"https:\/\/eldiariodesanpedro.com.ar\/sitio\/wp-json\/wp\/v2\/posts"}],"about":[{"href":"https:\/\/eldiariodesanpedro.com.ar\/sitio\/wp-json\/wp\/v2\/types\/post"}],"author":[{"embeddable":true,"href":"https:\/\/eldiariodesanpedro.com.ar\/sitio\/wp-json\/wp\/v2\/users\/4"}],"replies":[{"embeddable":true,"href":"https:\/\/eldiariodesanpedro.com.ar\/sitio\/wp-json\/wp\/v2\/comments?post=15374"}],"version-history":[{"count":1,"href":"https:\/\/eldiariodesanpedro.com.ar\/sitio\/wp-json\/wp\/v2\/posts\/15374\/revisions"}],"predecessor-version":[{"id":15376,"href":"https:\/\/eldiariodesanpedro.com.ar\/sitio\/wp-json\/wp\/v2\/posts\/15374\/revisions\/15376"}],"wp:featuredmedia":[{"embeddable":true,"href":"https:\/\/eldiariodesanpedro.com.ar\/sitio\/wp-json\/wp\/v2\/media\/15375"}],"wp:attachment":[{"href":"https:\/\/eldiariodesanpedro.com.ar\/sitio\/wp-json\/wp\/v2\/media?parent=15374"}],"wp:term":[{"taxonomy":"category","embeddable":true,"href":"https:\/\/eldiariodesanpedro.com.ar\/sitio\/wp-json\/wp\/v2\/categories?post=15374"},{"taxonomy":"post_tag","embeddable":true,"href":"https:\/\/eldiariodesanpedro.com.ar\/sitio\/wp-json\/wp\/v2\/tags?post=15374"}],"curies":[{"name":"wp","href":"https:\/\/api.w.org\/{rel}","templated":true}]}}