{"id":15371,"date":"2017-03-01T08:56:13","date_gmt":"2017-03-01T11:56:13","guid":{"rendered":"https:\/\/eldiariodesanpedro.com.ar\/sitio\/?p=15371"},"modified":"2017-03-01T08:56:13","modified_gmt":"2017-03-01T11:56:13","slug":"ivan-paz-en-este-ano-electoral-nos-encontramos-trabajando-y-con-muchas-obras-en-marcha","status":"publish","type":"post","link":"https:\/\/eldiariodesanpedro.com.ar\/sitio\/ivan-paz-en-este-ano-electoral-nos-encontramos-trabajando-y-con-muchas-obras-en-marcha\/","title":{"rendered":"Iv\u00e1n Paz: \u00abEn este a\u00f1o electoral nos encontramos trabajando y con muchas obras en marcha\u201d"},"content":{"rendered":"<p><!-- VideographyWP Plugin Message: Automatic video embedding prevented by plugin options. --><br \/>\nIv\u00e1n Paz, concejal del Bloque de Cambiemos, visit\u00f3 las oficinas de El Diario de San Pedro para dialogar sobre los trabajos que se han venido realizando y para aclarar la pol\u00e9mica que se desat\u00f3 con el Dr. Ariel Ramanzini, presidente del bloque de concejales y referente del bloque del Frente Renovador, quien despu\u00e9s de visitar distintos barrios de nuestra ciudad y Gob. Castro con su equipo mientras repart\u00edan alimentos y otros elementos de primera necesidad, dio su opini\u00f3n con respecto a la actual gesti\u00f3n por medio de Twitter. Una de ellas fue: \u00abEl Intendente est\u00e1 m\u00e1s preocupado por recaudar y por las elecciones, que si la gente llega a fin de mes\u00bb.<br \/>\n\u00abSalir a repartir una bolsita de mercader\u00eda para sacarte la fotito y pagar para que publiquen la nota es de lo peor\u00bb, contest\u00f3 Paz y estall\u00f3 la red social.<br \/>\nSobre ello, el concejal de Cambiemos dijo: \u00abSal\u00ed a responder en ese momento porque no estoy de acuerdo en hacer un electoralismo, un clientelismo pol\u00edtico en base a la necesidad de la gente, es una brutal necesidad de que te vean, es lo que no puedo tolerar\u00bb.<br \/>\n\u00abDespu\u00e9s de ver unas publicaciones y de lucharla tanto que \u00edbamos a construir en pol\u00edtica, los j\u00f3venes, los que reci\u00e9n empezamos de una manera diferente\u2026\u201d, expres\u00f3 Paz mostr\u00e1ndose decepcionada y a\u00f1adi\u00f3: \u201cPero no me interesa hablar de lo que pas\u00f3, lamentablemente fue una  reacci\u00f3n por cosas que uno no puede tolerar y le molestan. Me interesa hablar de nuestra gesti\u00f3n.<br \/>\nEn esa gesti\u00f3n, el edil cont\u00f3 c\u00f3mo est\u00e1n trabajando y las acciones que han puesto en pr\u00e1ctica hasta el momento. \u00abEn este a\u00f1o electoral nos encontraron trabajando y con muchas obras en marcha, eso lo puede decir cualquier sampedrino que sale a la calle. Nosotros cuando asumimos en las condiciones que est\u00e1bamos eran p\u00e9simas, y no vamos a seguir hablando de herencia, es tiempo pasado, ya se termin\u00f3 el 10 de diciembre de 2015 el d\u00eda que nosotros asumimos y nos hicimos cargo de todo. Cuando entr\u00e1bamos a San Pedro ten\u00edamos una ruta que nos destrozaba el auto, ten\u00edamos accidentes de tr\u00e1nsito y hemos lamentado muertes, ten\u00edamos un Gobernador provincial postul\u00e1ndose para presidente de La Naci\u00f3n, que era el principal responsable de no pavimentar esa ruta, nosotros llegamos y la verdad no nos imaginamos que \u00edbamos a poder tan r\u00e1pido obtener los fondos para arreglar esa ruta, una obra que ya se est\u00e1 terminando, que va a quedar en \u00f3ptimas condiciones\u201d, consider\u00f3.<br \/>\n\u00abEl primer verano ten\u00edamos una inundaci\u00f3n, ten\u00edamos la costanera tapada de agua, con mucha gente con complicaciones, con necesidades y encima se estaba inundando con los temporales. En abril el agua estaba sobre la costanera y en septiembre, octubre, ya est\u00e1bamos confirmando que \u00edbamos a repavimentar la costanera y hoy es una obra que ya est\u00e1 concluida, es un cambio enorme que desde abril del 2016 est\u00e9 inundada y rota, a febrero de este a\u00f1o ya est\u00e9 repavimentada, se\u00f1alizada e iluminada. La gente lo disfruta mucho, pero tambi\u00e9n es importante que el turista vuelva, que vea que el acceso a nuestra ciudad est\u00e1 reparado, que la costanera la pueden disfrutar, que se vayan contentos, eso mejora mucho el desarrollo econ\u00f3mico de nuestra ciudad, sabemos que estamos en una situaci\u00f3n complicada y el turismo va a ser una de las principales herramientas que vamos a tener para en el corto plazo generar puestos de trabajo\u00bb, a\u00f1adi\u00f3 Ivan Paz. <\/p>\n<p>Sobre los servicios que el municipio brindaba, el concejal sentenci\u00f3: \u201cEran p\u00e9simos, servicios de obras p\u00fablicas, servicios p\u00fablicos, eran much\u00edsimos los reclamos de la gente y nosotros no ten\u00edamos ni siquiera planos del sistema, por ejemplo, de la distribuci\u00f3n de agua, no sab\u00edamos por d\u00f3nde empezar, y se arregl\u00f3 el tanque copa, se compraron y se instalaron dos bombas de agua para dar m\u00e1s presi\u00f3n, se cambiaron ca\u00f1er\u00edas, se arreglaron cientos de ca\u00f1er\u00edas en las calles, y hoy no hay problemas de presi\u00f3n de agua como el verano pasado que la gente se ten\u00eda que ba\u00f1ar a la noche\u00bb.<br \/>\n\u00abCon respecto al sector rural se han arreglado m\u00e1s de 800 km en caminos rurales y para este a\u00f1o se tiene previsto un plan de emergencia en transitabilidad en San Pedro, para que la gente pueda transitar con tranquilidad, no rompa el auto y no all\u00e1 accidentes, est\u00e1 ya confirmado la pavimentaci\u00f3n de 200 calles que van hacer totales\u00bb, anunci\u00f3 Paz.<br \/>\n\u00abLa Salud P\u00fablica, la Educaci\u00f3n P\u00fablica\u2026 Si un Estado no puede garantizar esto est\u00e1 mal, nos dejaron muy mal, el hospital en el 2015 paraba una semana o 10 d\u00edas por mes, o sea un tercio del funcionamiento del hospital estaba parado, no funcionaba, eso hace que la Salud P\u00fablica no tenga continuidad. Quien necesita un medicamento o tiene un problema de salud no espera, la salud no puede esperar una semana a que el hospital abra, esto fue terrible. Una de las peores cosas del gobierno anterior, y eso se cambi\u00f3, desde el primer momento que asumimos, ya el primer mes no hubo paros, y eso que no hab\u00eda plata para pagarles los sueldos a los trabajadores y hab\u00eda un descubierto en el banco que tuvimos que salir a buscar ayuda para pagar, y lo logramos, no hubo m\u00e1s paros y hubo Salud P\u00fablica continuada todo el a\u00f1o y hasta ahora y no solo eso, hubo much\u00edsimas mejoras, aparte de las reformas en los Centro de Salud, aparte de incrementar la cantidad de m\u00e9dicos en los Centros de Salud, en el Hospital tambi\u00e9n se compr\u00f3 mucho equipamiento nuevo, donde tienen m\u00e1s material para que los profesionales puedan trabajar, hay m\u00e1s limpieza, servicio de enfermera que se increment\u00f3 y ni hablar lo que pas\u00f3 en la sala de Pediatr\u00eda, es un espejo, un reflejo de lo mejor que nos pudo pasar como sociedad, que la cooperadora del hospital por un lado, m\u00e1s las empresas privadas como Toyota que don\u00f3 los pisos, los techos y m\u00e1s, que el Estado pueda atender a todo lo que faltaba de mano de obra y materiales, y que encima artistas locales vayan y pinten, es como un conjunto de que cuando las cosas andan bien, la gente ve esperanza, nos inspiramos todos y nos incentivamos todos para ponernos a trabajar y lograr algo que era muy necesario, y hoy estamos a la altura de cualquier instituci\u00f3n privada\u00bb, agreg\u00f3 sobre la realidad del nosocomio local.<br \/>\nEl recorrido de Paz por los \u201clogros\u201d de la gesti\u00f3n continu\u00f3 por Educaci\u00f3n: \u00abCuando llegamos hab\u00eda un d\u00e9ficit de bancos en los jardines a nivel inicial de 400, hab\u00eda 400 chicos por a\u00f1os que no pod\u00edan ingresar al jard\u00edn, nosotros llegamos y en pocos meses pudimos inaugurar la obra del jard\u00edn en Villa Igoillo, se aumentaron 150 bancos en jard\u00edn y nuestra idea de la educaci\u00f3n es que haya 0 d\u00e9ficit de bancas a nivel inicial de jard\u00edn para el 2018 y es un objetivo que lo hablamos con los consejeros escolares, que los felicito porque est\u00e1n trabajando mucho\u00bb.<br \/>\nConsultado sobre la seguridad de San Pedro, con respecto tambi\u00e9n a la necesidad de colocar c\u00e1maras de seguridad (uno de los reclamos m\u00e1s fuertes del concejal Ramanzini), Paz respondi\u00f3: \u00abEs un tema muy importante, hab\u00eda solo un patrullero andando en la ciudad, no hab\u00eda respuesta de los gobiernos provinciales, nacionales y no reparaban los que estaban, hoy despu\u00e9s de un a\u00f1o llegaron m\u00e1s de 6 patrulleros, hay cantidad de m\u00f3viles necesarios, m\u00e1s los que ha pedido el municipio a la Secretar\u00eda de Seguridad, con la creaci\u00f3n de la polic\u00eda local que es una fuerza de prevenci\u00f3n del delito, San Pedro hoy tiene m\u00e1s de 80 efectivos policiales. Con respecto a las c\u00e1maras de seguridad cuando llegamos hab\u00eda 6 creo en funcionamiento de las veintipico que hab\u00eda instaladas, en el monitoreo tambi\u00e9n hab\u00eda problemas, ya se adquirieron, va a ver m\u00e1s de 40 c\u00e1maras no solo en San Pedro tambi\u00e9n en las localidades de alrededor, fue un convenio que paso por el Concejo, se contrat\u00f3 y se abri\u00f3 una licitaci\u00f3n, que tard\u00f3 un mes. Ayer el intendente firma un convenio con el representante de la empresa Fibertel, para la instalaci\u00f3n de las c\u00e1maras que se confirm\u00f3 que en los pr\u00f3ximos d\u00edas va a ocurrir, o sea que va a ver mayor efectivos policiales en las calles, mayor cantidad de patrulleros y va a ver mayor cantidad de c\u00e1maras para poder trabajar en la prevenci\u00f3n del delito. La inseguridad hay que abordarla de una manera m\u00e1s integral, estas son solo herramientas, hay que trabajar much\u00edsimo en una contenci\u00f3n social y por eso vamos a tener fondos para el deporte y talleres culturales, cada chico que hagamos pasar m\u00e1s tiempo en una instituci\u00f3n son minutos menos que van a estar en la calle\u00bb.<\/p>\n","protected":false},"excerpt":{"rendered":"<p>Iv\u00e1n Paz, concejal del Bloque de Cambiemos, visit\u00f3 las oficinas de El Diario de San Pedro para dialogar sobre los trabajos que se han venido realizando y para aclarar la pol\u00e9mica que se desat\u00f3 con el Dr. Ariel Ramanzini, presidente del bloque de concejales y referente del bloque del Frente Renovador, quien despu\u00e9s de visitar [&hellip;]<\/p>\n","protected":false},"author":4,"featured_media":15372,"comment_status":"open","ping_status":"closed","sticky":false,"template":"","format":"standard","meta":{"om_disable_all_campaigns":false,"_jetpack_memberships_contains_paid_content":false,"footnotes":""},"categories":[2,102],"tags":[],"class_list":["post-15371","post","type-post","status-publish","format-standard","has-post-thumbnail","hentry","category-locales","category-politica-locales"],"aioseo_notices":[],"gutentor_comment":0,"jetpack_featured_media_url":"https:\/\/eldiariodesanpedro.com.ar\/sitio\/wp-content\/uploads\/2017\/03\/Ivan-Paz-e1488369349780.jpg","jetpack_shortlink":"https:\/\/wp.me\/p6RhLt-3ZV","jetpack_sharing_enabled":true,"_links":{"self":[{"href":"https:\/\/eldiariodesanpedro.com.ar\/sitio\/wp-json\/wp\/v2\/posts\/15371","targetHints":{"allow":["GET"]}}],"collection":[{"href":"https:\/\/eldiariodesanpedro.com.ar\/sitio\/wp-json\/wp\/v2\/posts"}],"about":[{"href":"https:\/\/eldiariodesanpedro.com.ar\/sitio\/wp-json\/wp\/v2\/types\/post"}],"author":[{"embeddable":true,"href":"https:\/\/eldiariodesanpedro.com.ar\/sitio\/wp-json\/wp\/v2\/users\/4"}],"replies":[{"embeddable":true,"href":"https:\/\/eldiariodesanpedro.com.ar\/sitio\/wp-json\/wp\/v2\/comments?post=15371"}],"version-history":[{"count":1,"href":"https:\/\/eldiariodesanpedro.com.ar\/sitio\/wp-json\/wp\/v2\/posts\/15371\/revisions"}],"predecessor-version":[{"id":15373,"href":"https:\/\/eldiariodesanpedro.com.ar\/sitio\/wp-json\/wp\/v2\/posts\/15371\/revisions\/15373"}],"wp:featuredmedia":[{"embeddable":true,"href":"https:\/\/eldiariodesanpedro.com.ar\/sitio\/wp-json\/wp\/v2\/media\/15372"}],"wp:attachment":[{"href":"https:\/\/eldiariodesanpedro.com.ar\/sitio\/wp-json\/wp\/v2\/media?parent=15371"}],"wp:term":[{"taxonomy":"category","embeddable":true,"href":"https:\/\/eldiariodesanpedro.com.ar\/sitio\/wp-json\/wp\/v2\/categories?post=15371"},{"taxonomy":"post_tag","embeddable":true,"href":"https:\/\/eldiariodesanpedro.com.ar\/sitio\/wp-json\/wp\/v2\/tags?post=15371"}],"curies":[{"name":"wp","href":"https:\/\/api.w.org\/{rel}","templated":true}]}}