{"id":15369,"date":"2017-03-01T08:22:08","date_gmt":"2017-03-01T11:22:08","guid":{"rendered":"https:\/\/eldiariodesanpedro.com.ar\/sitio\/?p=15369"},"modified":"2017-03-01T08:22:08","modified_gmt":"2017-03-01T11:22:08","slug":"recuperan-moto-robada-en-2013","status":"publish","type":"post","link":"https:\/\/eldiariodesanpedro.com.ar\/sitio\/recuperan-moto-robada-en-2013\/","title":{"rendered":"Recuperan moto robada en 2013"},"content":{"rendered":"<p><!-- VideographyWP Plugin Message: Automatic video embedding prevented by plugin options. --><br \/>\nEn el d\u00eda de ayer personal de Polic\u00eda Local en la inter\u00e9s de calle Mitre y Juan B. Justo procedi\u00f3 a la identificaci\u00f3n de un joven de 19 a\u00f1os de edad quien se movilizaba en una motocicleta 110 cc, estableci\u00e9ndose que el rodado tendr\u00eda pedido de secuestro activo desde el d\u00eda 31 de enero de 2013. <\/p>\n<p>El hecho fue puesto bajo la caratula de encubrimiento con intervenci\u00f3n de la UFI N\u00b0 7 de nuestra ciudad que en su efecto   procedieron a su aprehensi\u00f3n y secuestro de la motocicleta, el joven momentos despu\u00e9s fue puesto en libertad. <\/p>\n","protected":false},"excerpt":{"rendered":"<p>En el d\u00eda de ayer personal de Polic\u00eda Local en la inter\u00e9s de calle Mitre y Juan B. Justo procedi\u00f3 a la identificaci\u00f3n de un joven de 19 a\u00f1os de edad quien se movilizaba en una motocicleta 110 cc, estableci\u00e9ndose que el rodado tendr\u00eda pedido de secuestro activo desde el d\u00eda 31 de enero de [&hellip;]<\/p>\n","protected":false},"author":4,"featured_media":12804,"comment_status":"open","ping_status":"closed","sticky":false,"template":"","format":"standard","meta":{"om_disable_all_campaigns":false,"_jetpack_memberships_contains_paid_content":false,"footnotes":""},"categories":[2,103],"tags":[],"class_list":["post-15369","post","type-post","status-publish","format-standard","has-post-thumbnail","hentry","category-locales","category-policiales-locales"],"aioseo_notices":[],"gutentor_comment":0,"jetpack_featured_media_url":"https:\/\/eldiariodesanpedro.com.ar\/sitio\/wp-content\/uploads\/2017\/01\/La-Polic\u00eda-Local-realiza-patrullajes-en-la-zona-c\u00e9ntrica-y-la-de-la-ribera.jpg","jetpack_shortlink":"https:\/\/wp.me\/p6RhLt-3ZT","jetpack_sharing_enabled":true,"_links":{"self":[{"href":"https:\/\/eldiariodesanpedro.com.ar\/sitio\/wp-json\/wp\/v2\/posts\/15369","targetHints":{"allow":["GET"]}}],"collection":[{"href":"https:\/\/eldiariodesanpedro.com.ar\/sitio\/wp-json\/wp\/v2\/posts"}],"about":[{"href":"https:\/\/eldiariodesanpedro.com.ar\/sitio\/wp-json\/wp\/v2\/types\/post"}],"author":[{"embeddable":true,"href":"https:\/\/eldiariodesanpedro.com.ar\/sitio\/wp-json\/wp\/v2\/users\/4"}],"replies":[{"embeddable":true,"href":"https:\/\/eldiariodesanpedro.com.ar\/sitio\/wp-json\/wp\/v2\/comments?post=15369"}],"version-history":[{"count":1,"href":"https:\/\/eldiariodesanpedro.com.ar\/sitio\/wp-json\/wp\/v2\/posts\/15369\/revisions"}],"predecessor-version":[{"id":15370,"href":"https:\/\/eldiariodesanpedro.com.ar\/sitio\/wp-json\/wp\/v2\/posts\/15369\/revisions\/15370"}],"wp:featuredmedia":[{"embeddable":true,"href":"https:\/\/eldiariodesanpedro.com.ar\/sitio\/wp-json\/wp\/v2\/media\/12804"}],"wp:attachment":[{"href":"https:\/\/eldiariodesanpedro.com.ar\/sitio\/wp-json\/wp\/v2\/media?parent=15369"}],"wp:term":[{"taxonomy":"category","embeddable":true,"href":"https:\/\/eldiariodesanpedro.com.ar\/sitio\/wp-json\/wp\/v2\/categories?post=15369"},{"taxonomy":"post_tag","embeddable":true,"href":"https:\/\/eldiariodesanpedro.com.ar\/sitio\/wp-json\/wp\/v2\/tags?post=15369"}],"curies":[{"name":"wp","href":"https:\/\/api.w.org\/{rel}","templated":true}]}}