{"id":15367,"date":"2017-03-01T08:09:14","date_gmt":"2017-03-01T11:09:14","guid":{"rendered":"https:\/\/eldiariodesanpedro.com.ar\/sitio\/?p=15367"},"modified":"2017-03-01T08:09:14","modified_gmt":"2017-03-01T11:09:14","slug":"discusiones-entre-dos-familia-en-calle-sbert","status":"publish","type":"post","link":"https:\/\/eldiariodesanpedro.com.ar\/sitio\/discusiones-entre-dos-familia-en-calle-sbert\/","title":{"rendered":"Discusiones entre dos familia en calle Sbert"},"content":{"rendered":"<p><!-- VideographyWP Plugin Message: Automatic video embedding prevented by plugin options. --><br \/>\nEn la madrugada de hoy personal de la comisar\u00eda de nuestra ciudad se present\u00f3 en el domicilio de Mateo Sbert al 2100, donde tuvo que presentarse en varias ocasiones a ra\u00edz de varios llamados al servio de emergencia 101 en virtud de de un conflicto vecinal de larga data entre dos familias. <\/p>\n<p>El problema viene sucediendo hace varios d\u00edas donde se realizaron varias denuncias al respecto, luego de la mediaci\u00f3n de los efectivos con ambas partes se logr\u00f3 controlar la situaci\u00f3n. <\/p>\n","protected":false},"excerpt":{"rendered":"<p>En la madrugada de hoy personal de la comisar\u00eda de nuestra ciudad se present\u00f3 en el domicilio de Mateo Sbert al 2100, donde tuvo que presentarse en varias ocasiones a ra\u00edz de varios llamados al servio de emergencia 101 en virtud de de un conflicto vecinal de larga data entre dos familias. El problema viene [&hellip;]<\/p>\n","protected":false},"author":4,"featured_media":13370,"comment_status":"open","ping_status":"closed","sticky":false,"template":"","format":"standard","meta":{"om_disable_all_campaigns":false,"_jetpack_memberships_contains_paid_content":false,"footnotes":""},"categories":[2,103],"tags":[],"class_list":["post-15367","post","type-post","status-publish","format-standard","has-post-thumbnail","hentry","category-locales","category-policiales-locales"],"aioseo_notices":[],"gutentor_comment":0,"jetpack_featured_media_url":"https:\/\/eldiariodesanpedro.com.ar\/sitio\/wp-content\/uploads\/2017\/01\/Patrulla-2-e1485286083962.jpg","jetpack_shortlink":"https:\/\/wp.me\/p6RhLt-3ZR","jetpack_sharing_enabled":true,"_links":{"self":[{"href":"https:\/\/eldiariodesanpedro.com.ar\/sitio\/wp-json\/wp\/v2\/posts\/15367","targetHints":{"allow":["GET"]}}],"collection":[{"href":"https:\/\/eldiariodesanpedro.com.ar\/sitio\/wp-json\/wp\/v2\/posts"}],"about":[{"href":"https:\/\/eldiariodesanpedro.com.ar\/sitio\/wp-json\/wp\/v2\/types\/post"}],"author":[{"embeddable":true,"href":"https:\/\/eldiariodesanpedro.com.ar\/sitio\/wp-json\/wp\/v2\/users\/4"}],"replies":[{"embeddable":true,"href":"https:\/\/eldiariodesanpedro.com.ar\/sitio\/wp-json\/wp\/v2\/comments?post=15367"}],"version-history":[{"count":1,"href":"https:\/\/eldiariodesanpedro.com.ar\/sitio\/wp-json\/wp\/v2\/posts\/15367\/revisions"}],"predecessor-version":[{"id":15368,"href":"https:\/\/eldiariodesanpedro.com.ar\/sitio\/wp-json\/wp\/v2\/posts\/15367\/revisions\/15368"}],"wp:featuredmedia":[{"embeddable":true,"href":"https:\/\/eldiariodesanpedro.com.ar\/sitio\/wp-json\/wp\/v2\/media\/13370"}],"wp:attachment":[{"href":"https:\/\/eldiariodesanpedro.com.ar\/sitio\/wp-json\/wp\/v2\/media?parent=15367"}],"wp:term":[{"taxonomy":"category","embeddable":true,"href":"https:\/\/eldiariodesanpedro.com.ar\/sitio\/wp-json\/wp\/v2\/categories?post=15367"},{"taxonomy":"post_tag","embeddable":true,"href":"https:\/\/eldiariodesanpedro.com.ar\/sitio\/wp-json\/wp\/v2\/tags?post=15367"}],"curies":[{"name":"wp","href":"https:\/\/api.w.org\/{rel}","templated":true}]}}