{"id":15365,"date":"2017-03-01T07:54:47","date_gmt":"2017-03-01T10:54:47","guid":{"rendered":"https:\/\/eldiariodesanpedro.com.ar\/sitio\/?p=15365"},"modified":"2017-03-01T07:54:47","modified_gmt":"2017-03-01T10:54:47","slug":"policial-local-recupera-moto-con-pedido-de-secuestro","status":"publish","type":"post","link":"https:\/\/eldiariodesanpedro.com.ar\/sitio\/policial-local-recupera-moto-con-pedido-de-secuestro\/","title":{"rendered":"Policial local recupera moto con pedido de secuestro"},"content":{"rendered":"<p><!-- VideographyWP Plugin Message: Automatic video embedding prevented by plugin options. --><br \/>\nEn el d\u00eda de ayer martes personal de la policial local en la intersecci\u00f3n de calle San Martin y Sarmiento procedieron a intersecci\u00f3n de una joven de 23 a\u00f1os de edad quien circulaba en una moto 110 cc, la cual se estableci\u00f3 que presentaba pedidos de secuestro activo a trav\u00e9s de la numeraci\u00f3n del chasis y motor. El magistrado que intervino perteneciente a la UFI N\u00b0 7 dispuso el secuestro del rodado y en cuanto a conductora notificaci\u00f3n de la formaci\u00f3n de la causa en cuanto al delito, dem\u00e1s diligencias de rigor. <\/p>\n","protected":false},"excerpt":{"rendered":"<p>En el d\u00eda de ayer martes personal de la policial local en la intersecci\u00f3n de calle San Martin y Sarmiento procedieron a intersecci\u00f3n de una joven de 23 a\u00f1os de edad quien circulaba en una moto 110 cc, la cual se estableci\u00f3 que presentaba pedidos de secuestro activo a trav\u00e9s de la numeraci\u00f3n del chasis [&hellip;]<\/p>\n","protected":false},"author":4,"featured_media":14747,"comment_status":"open","ping_status":"closed","sticky":false,"template":"","format":"standard","meta":{"om_disable_all_campaigns":false,"_jetpack_memberships_contains_paid_content":false,"footnotes":""},"categories":[2,103],"tags":[],"class_list":["post-15365","post","type-post","status-publish","format-standard","has-post-thumbnail","hentry","category-locales","category-policiales-locales"],"aioseo_notices":[],"gutentor_comment":0,"jetpack_featured_media_url":"https:\/\/eldiariodesanpedro.com.ar\/sitio\/wp-content\/uploads\/2017\/02\/policia-local-san-pedro.jpg","jetpack_shortlink":"https:\/\/wp.me\/p6RhLt-3ZP","jetpack_sharing_enabled":true,"_links":{"self":[{"href":"https:\/\/eldiariodesanpedro.com.ar\/sitio\/wp-json\/wp\/v2\/posts\/15365","targetHints":{"allow":["GET"]}}],"collection":[{"href":"https:\/\/eldiariodesanpedro.com.ar\/sitio\/wp-json\/wp\/v2\/posts"}],"about":[{"href":"https:\/\/eldiariodesanpedro.com.ar\/sitio\/wp-json\/wp\/v2\/types\/post"}],"author":[{"embeddable":true,"href":"https:\/\/eldiariodesanpedro.com.ar\/sitio\/wp-json\/wp\/v2\/users\/4"}],"replies":[{"embeddable":true,"href":"https:\/\/eldiariodesanpedro.com.ar\/sitio\/wp-json\/wp\/v2\/comments?post=15365"}],"version-history":[{"count":1,"href":"https:\/\/eldiariodesanpedro.com.ar\/sitio\/wp-json\/wp\/v2\/posts\/15365\/revisions"}],"predecessor-version":[{"id":15366,"href":"https:\/\/eldiariodesanpedro.com.ar\/sitio\/wp-json\/wp\/v2\/posts\/15365\/revisions\/15366"}],"wp:featuredmedia":[{"embeddable":true,"href":"https:\/\/eldiariodesanpedro.com.ar\/sitio\/wp-json\/wp\/v2\/media\/14747"}],"wp:attachment":[{"href":"https:\/\/eldiariodesanpedro.com.ar\/sitio\/wp-json\/wp\/v2\/media?parent=15365"}],"wp:term":[{"taxonomy":"category","embeddable":true,"href":"https:\/\/eldiariodesanpedro.com.ar\/sitio\/wp-json\/wp\/v2\/categories?post=15365"},{"taxonomy":"post_tag","embeddable":true,"href":"https:\/\/eldiariodesanpedro.com.ar\/sitio\/wp-json\/wp\/v2\/tags?post=15365"}],"curies":[{"name":"wp","href":"https:\/\/api.w.org\/{rel}","templated":true}]}}