{"id":15355,"date":"2017-02-24T09:27:23","date_gmt":"2017-02-24T12:27:23","guid":{"rendered":"https:\/\/eldiariodesanpedro.com.ar\/sitio\/?p=15355"},"modified":"2017-02-24T09:27:23","modified_gmt":"2017-02-24T12:27:23","slug":"juegos-para-el-jardin","status":"publish","type":"post","link":"https:\/\/eldiariodesanpedro.com.ar\/sitio\/juegos-para-el-jardin\/","title":{"rendered":"Juegos para el Jard\u00edn"},"content":{"rendered":"<p><!-- VideographyWP Plugin Message: Automatic video embedding prevented by plugin options. --><br \/>\nJunto a Consejeros Escolares el Intendente Cecilio Salazar present\u00f3 los nuevos juegos que fueron montados en el patio del Jard\u00edn 918, inaugurado el a\u00f1o pasado y que este 2017 albergar\u00e1 a 180 alumnos.<\/p>\n<p>Esta presentaci\u00f3n se suma a las obras y tareas llevadas adelante gracias al financiamiento del Fondo Educativo.<\/p>\n","protected":false},"excerpt":{"rendered":"<p>Junto a Consejeros Escolares el Intendente Cecilio Salazar present\u00f3 los nuevos juegos que fueron montados en el patio del Jard\u00edn 918, inaugurado el a\u00f1o pasado y que este 2017 albergar\u00e1 a 180 alumnos. Esta presentaci\u00f3n se suma a las obras y tareas llevadas adelante gracias al financiamiento del Fondo Educativo.<\/p>\n","protected":false},"author":4,"featured_media":15356,"comment_status":"open","ping_status":"closed","sticky":false,"template":"","format":"standard","meta":{"om_disable_all_campaigns":false,"_jetpack_memberships_contains_paid_content":false,"footnotes":""},"categories":[101,2],"tags":[],"class_list":["post-15355","post","type-post","status-publish","format-standard","has-post-thumbnail","hentry","category-interes-general-locales","category-locales"],"aioseo_notices":[],"gutentor_comment":0,"jetpack_featured_media_url":"https:\/\/eldiariodesanpedro.com.ar\/sitio\/wp-content\/uploads\/2017\/02\/Jardin.jpg","jetpack_shortlink":"https:\/\/wp.me\/p6RhLt-3ZF","jetpack_sharing_enabled":true,"_links":{"self":[{"href":"https:\/\/eldiariodesanpedro.com.ar\/sitio\/wp-json\/wp\/v2\/posts\/15355","targetHints":{"allow":["GET"]}}],"collection":[{"href":"https:\/\/eldiariodesanpedro.com.ar\/sitio\/wp-json\/wp\/v2\/posts"}],"about":[{"href":"https:\/\/eldiariodesanpedro.com.ar\/sitio\/wp-json\/wp\/v2\/types\/post"}],"author":[{"embeddable":true,"href":"https:\/\/eldiariodesanpedro.com.ar\/sitio\/wp-json\/wp\/v2\/users\/4"}],"replies":[{"embeddable":true,"href":"https:\/\/eldiariodesanpedro.com.ar\/sitio\/wp-json\/wp\/v2\/comments?post=15355"}],"version-history":[{"count":1,"href":"https:\/\/eldiariodesanpedro.com.ar\/sitio\/wp-json\/wp\/v2\/posts\/15355\/revisions"}],"predecessor-version":[{"id":15357,"href":"https:\/\/eldiariodesanpedro.com.ar\/sitio\/wp-json\/wp\/v2\/posts\/15355\/revisions\/15357"}],"wp:featuredmedia":[{"embeddable":true,"href":"https:\/\/eldiariodesanpedro.com.ar\/sitio\/wp-json\/wp\/v2\/media\/15356"}],"wp:attachment":[{"href":"https:\/\/eldiariodesanpedro.com.ar\/sitio\/wp-json\/wp\/v2\/media?parent=15355"}],"wp:term":[{"taxonomy":"category","embeddable":true,"href":"https:\/\/eldiariodesanpedro.com.ar\/sitio\/wp-json\/wp\/v2\/categories?post=15355"},{"taxonomy":"post_tag","embeddable":true,"href":"https:\/\/eldiariodesanpedro.com.ar\/sitio\/wp-json\/wp\/v2\/tags?post=15355"}],"curies":[{"name":"wp","href":"https:\/\/api.w.org\/{rel}","templated":true}]}}