{"id":15352,"date":"2017-02-24T09:24:14","date_gmt":"2017-02-24T12:24:14","guid":{"rendered":"https:\/\/eldiariodesanpedro.com.ar\/sitio\/?p=15352"},"modified":"2017-02-24T09:24:14","modified_gmt":"2017-02-24T12:24:14","slug":"referentes-en-controles-viales","status":"publish","type":"post","link":"https:\/\/eldiariodesanpedro.com.ar\/sitio\/referentes-en-controles-viales\/","title":{"rendered":"Referentes en controles viales"},"content":{"rendered":"<p><!-- VideographyWP Plugin Message: Automatic video embedding prevented by plugin options. --><br \/>\nEl Intendente Salazar, el Director de Tr\u00e1nsito \u00c1ngel Burgos y el Juez de Faltas Fabi\u00e1n Rodr\u00edguez recibieron a referentes de Cambiemos de la ciudad de Ramallo entre ellos el Concejal Roberto Borselli quienes se mostraron interesados en replicar en su ciudad los controles tanto de motos como de camiones que se llevan adelante en San Pedro.<\/p>\n<p>Los funcionarios y ediles locales se pusieron a disposici\u00f3n de los de Ramallo, de hecho se expusieron detalles de c\u00f3mo est\u00e1n trabajando en el partido y hasta se ofrecieron para reunirse con los representantes del gobierno vecino.<\/p>\n","protected":false},"excerpt":{"rendered":"<p>El Intendente Salazar, el Director de Tr\u00e1nsito \u00c1ngel Burgos y el Juez de Faltas Fabi\u00e1n Rodr\u00edguez recibieron a referentes de Cambiemos de la ciudad de Ramallo entre ellos el Concejal Roberto Borselli quienes se mostraron interesados en replicar en su ciudad los controles tanto de motos como de camiones que se llevan adelante en San [&hellip;]<\/p>\n","protected":false},"author":4,"featured_media":15353,"comment_status":"open","ping_status":"closed","sticky":false,"template":"","format":"standard","meta":{"om_disable_all_campaigns":false,"_jetpack_memberships_contains_paid_content":false,"footnotes":""},"categories":[2,102],"tags":[],"class_list":["post-15352","post","type-post","status-publish","format-standard","has-post-thumbnail","hentry","category-locales","category-politica-locales"],"aioseo_notices":[],"gutentor_comment":0,"jetpack_featured_media_url":"https:\/\/eldiariodesanpedro.com.ar\/sitio\/wp-content\/uploads\/2017\/02\/Ramallo.jpg","jetpack_shortlink":"https:\/\/wp.me\/p6RhLt-3ZC","jetpack_sharing_enabled":true,"_links":{"self":[{"href":"https:\/\/eldiariodesanpedro.com.ar\/sitio\/wp-json\/wp\/v2\/posts\/15352","targetHints":{"allow":["GET"]}}],"collection":[{"href":"https:\/\/eldiariodesanpedro.com.ar\/sitio\/wp-json\/wp\/v2\/posts"}],"about":[{"href":"https:\/\/eldiariodesanpedro.com.ar\/sitio\/wp-json\/wp\/v2\/types\/post"}],"author":[{"embeddable":true,"href":"https:\/\/eldiariodesanpedro.com.ar\/sitio\/wp-json\/wp\/v2\/users\/4"}],"replies":[{"embeddable":true,"href":"https:\/\/eldiariodesanpedro.com.ar\/sitio\/wp-json\/wp\/v2\/comments?post=15352"}],"version-history":[{"count":1,"href":"https:\/\/eldiariodesanpedro.com.ar\/sitio\/wp-json\/wp\/v2\/posts\/15352\/revisions"}],"predecessor-version":[{"id":15354,"href":"https:\/\/eldiariodesanpedro.com.ar\/sitio\/wp-json\/wp\/v2\/posts\/15352\/revisions\/15354"}],"wp:featuredmedia":[{"embeddable":true,"href":"https:\/\/eldiariodesanpedro.com.ar\/sitio\/wp-json\/wp\/v2\/media\/15353"}],"wp:attachment":[{"href":"https:\/\/eldiariodesanpedro.com.ar\/sitio\/wp-json\/wp\/v2\/media?parent=15352"}],"wp:term":[{"taxonomy":"category","embeddable":true,"href":"https:\/\/eldiariodesanpedro.com.ar\/sitio\/wp-json\/wp\/v2\/categories?post=15352"},{"taxonomy":"post_tag","embeddable":true,"href":"https:\/\/eldiariodesanpedro.com.ar\/sitio\/wp-json\/wp\/v2\/tags?post=15352"}],"curies":[{"name":"wp","href":"https:\/\/api.w.org\/{rel}","templated":true}]}}