{"id":15349,"date":"2017-02-24T09:22:07","date_gmt":"2017-02-24T12:22:07","guid":{"rendered":"https:\/\/eldiariodesanpedro.com.ar\/sitio\/?p=15349"},"modified":"2017-02-24T09:22:07","modified_gmt":"2017-02-24T12:22:07","slug":"convenio-por-camaras-de-seguridad","status":"publish","type":"post","link":"https:\/\/eldiariodesanpedro.com.ar\/sitio\/convenio-por-camaras-de-seguridad\/","title":{"rendered":"Convenio por c\u00e1maras de Seguridad"},"content":{"rendered":"<p><!-- VideographyWP Plugin Message: Automatic video embedding prevented by plugin options. --><br \/>\nEl Intendente Cecilio Salazar recibi\u00f3 al titular de Cablevisi\u00f3n Fibertel Corp zonal Ariel Rodr\u00edguez junto a quien firm\u00f3 un convenio para la instalaci\u00f3n de c\u00e1maras de seguridad de \u00faltima tecnolog\u00eda.<\/p>\n<p>De esta manera se triplicar\u00e1n los dispositivos que permitir\u00e1n monitorear los diferentes barrios de la ciudad. Todas estar\u00e1n conectadas por fibra \u00f3ptica y dotadas de la mejor definici\u00f3n de imagen.<\/p>\n<p>Esta ampliaci\u00f3n del sistema de seguridad se dio tras un llamado a licitaci\u00f3n p\u00fablica hecho en el 2016, con n\u00famero de expediente 7117\/16.<\/p>\n","protected":false},"excerpt":{"rendered":"<p>El Intendente Cecilio Salazar recibi\u00f3 al titular de Cablevisi\u00f3n Fibertel Corp zonal Ariel Rodr\u00edguez junto a quien firm\u00f3 un convenio para la instalaci\u00f3n de c\u00e1maras de seguridad de \u00faltima tecnolog\u00eda. De esta manera se triplicar\u00e1n los dispositivos que permitir\u00e1n monitorear los diferentes barrios de la ciudad. Todas estar\u00e1n conectadas por fibra \u00f3ptica y dotadas de [&hellip;]<\/p>\n","protected":false},"author":4,"featured_media":15350,"comment_status":"open","ping_status":"closed","sticky":false,"template":"","format":"standard","meta":{"om_disable_all_campaigns":false,"_jetpack_memberships_contains_paid_content":false,"footnotes":""},"categories":[50,2,102],"tags":[],"class_list":["post-15349","post","type-post","status-publish","format-standard","has-post-thumbnail","hentry","category-destacadas","category-locales","category-politica-locales"],"aioseo_notices":[],"gutentor_comment":0,"jetpack_featured_media_url":"https:\/\/eldiariodesanpedro.com.ar\/sitio\/wp-content\/uploads\/2017\/02\/C\u00e1maras.jpg","jetpack_shortlink":"https:\/\/wp.me\/p6RhLt-3Zz","jetpack_sharing_enabled":true,"_links":{"self":[{"href":"https:\/\/eldiariodesanpedro.com.ar\/sitio\/wp-json\/wp\/v2\/posts\/15349","targetHints":{"allow":["GET"]}}],"collection":[{"href":"https:\/\/eldiariodesanpedro.com.ar\/sitio\/wp-json\/wp\/v2\/posts"}],"about":[{"href":"https:\/\/eldiariodesanpedro.com.ar\/sitio\/wp-json\/wp\/v2\/types\/post"}],"author":[{"embeddable":true,"href":"https:\/\/eldiariodesanpedro.com.ar\/sitio\/wp-json\/wp\/v2\/users\/4"}],"replies":[{"embeddable":true,"href":"https:\/\/eldiariodesanpedro.com.ar\/sitio\/wp-json\/wp\/v2\/comments?post=15349"}],"version-history":[{"count":1,"href":"https:\/\/eldiariodesanpedro.com.ar\/sitio\/wp-json\/wp\/v2\/posts\/15349\/revisions"}],"predecessor-version":[{"id":15351,"href":"https:\/\/eldiariodesanpedro.com.ar\/sitio\/wp-json\/wp\/v2\/posts\/15349\/revisions\/15351"}],"wp:featuredmedia":[{"embeddable":true,"href":"https:\/\/eldiariodesanpedro.com.ar\/sitio\/wp-json\/wp\/v2\/media\/15350"}],"wp:attachment":[{"href":"https:\/\/eldiariodesanpedro.com.ar\/sitio\/wp-json\/wp\/v2\/media?parent=15349"}],"wp:term":[{"taxonomy":"category","embeddable":true,"href":"https:\/\/eldiariodesanpedro.com.ar\/sitio\/wp-json\/wp\/v2\/categories?post=15349"},{"taxonomy":"post_tag","embeddable":true,"href":"https:\/\/eldiariodesanpedro.com.ar\/sitio\/wp-json\/wp\/v2\/tags?post=15349"}],"curies":[{"name":"wp","href":"https:\/\/api.w.org\/{rel}","templated":true}]}}