{"id":15347,"date":"2017-02-24T08:50:16","date_gmt":"2017-02-24T11:50:16","guid":{"rendered":"https:\/\/eldiariodesanpedro.com.ar\/sitio\/?p=15347"},"modified":"2017-02-24T08:50:16","modified_gmt":"2017-02-24T11:50:16","slug":"detienen-a-un-menor-acusado-de-tentativa-de-homicidio","status":"publish","type":"post","link":"https:\/\/eldiariodesanpedro.com.ar\/sitio\/detienen-a-un-menor-acusado-de-tentativa-de-homicidio\/","title":{"rendered":"Detienen a un menor acusado de tentativa de homicidio"},"content":{"rendered":"<p><!-- VideographyWP Plugin Message: Automatic video embedding prevented by plugin options. --><br \/>\nEn horas de la tarde de ayer personal de la DDI local junto a personal de la comisar\u00eda detuvieron a un joven de 17 a\u00f1os de edad quien pose\u00eda pedido de captura activo por un hecho de tentativa de homicidio ocurrido el pasado d\u00eda 19 en la intervenci\u00f3n de las calles Hermano Indio y Balcarce donde el detenido apu\u00f1al\u00f3 a un joven de 22 a\u00f1os de edad en la zona abdominal de su cuerpo provocando una lesi\u00f3n de car\u00e1cter leve al no lesionar ninguno de sus \u00f3rganos vitales. <\/p>\n","protected":false},"excerpt":{"rendered":"<p>En horas de la tarde de ayer personal de la DDI local junto a personal de la comisar\u00eda detuvieron a un joven de 17 a\u00f1os de edad quien pose\u00eda pedido de captura activo por un hecho de tentativa de homicidio ocurrido el pasado d\u00eda 19 en la intervenci\u00f3n de las calles Hermano Indio y Balcarce [&hellip;]<\/p>\n","protected":false},"author":4,"featured_media":10725,"comment_status":"open","ping_status":"closed","sticky":false,"template":"","format":"standard","meta":{"om_disable_all_campaigns":false,"_jetpack_memberships_contains_paid_content":false,"footnotes":""},"categories":[2,103],"tags":[],"class_list":["post-15347","post","type-post","status-publish","format-standard","has-post-thumbnail","hentry","category-locales","category-policiales-locales"],"aioseo_notices":[],"gutentor_comment":0,"jetpack_featured_media_url":"https:\/\/eldiariodesanpedro.com.ar\/sitio\/wp-content\/uploads\/2016\/11\/Polic\u00eda-detiene-noche.jpg","jetpack_shortlink":"https:\/\/wp.me\/p6RhLt-3Zx","jetpack_sharing_enabled":true,"_links":{"self":[{"href":"https:\/\/eldiariodesanpedro.com.ar\/sitio\/wp-json\/wp\/v2\/posts\/15347","targetHints":{"allow":["GET"]}}],"collection":[{"href":"https:\/\/eldiariodesanpedro.com.ar\/sitio\/wp-json\/wp\/v2\/posts"}],"about":[{"href":"https:\/\/eldiariodesanpedro.com.ar\/sitio\/wp-json\/wp\/v2\/types\/post"}],"author":[{"embeddable":true,"href":"https:\/\/eldiariodesanpedro.com.ar\/sitio\/wp-json\/wp\/v2\/users\/4"}],"replies":[{"embeddable":true,"href":"https:\/\/eldiariodesanpedro.com.ar\/sitio\/wp-json\/wp\/v2\/comments?post=15347"}],"version-history":[{"count":1,"href":"https:\/\/eldiariodesanpedro.com.ar\/sitio\/wp-json\/wp\/v2\/posts\/15347\/revisions"}],"predecessor-version":[{"id":15348,"href":"https:\/\/eldiariodesanpedro.com.ar\/sitio\/wp-json\/wp\/v2\/posts\/15347\/revisions\/15348"}],"wp:featuredmedia":[{"embeddable":true,"href":"https:\/\/eldiariodesanpedro.com.ar\/sitio\/wp-json\/wp\/v2\/media\/10725"}],"wp:attachment":[{"href":"https:\/\/eldiariodesanpedro.com.ar\/sitio\/wp-json\/wp\/v2\/media?parent=15347"}],"wp:term":[{"taxonomy":"category","embeddable":true,"href":"https:\/\/eldiariodesanpedro.com.ar\/sitio\/wp-json\/wp\/v2\/categories?post=15347"},{"taxonomy":"post_tag","embeddable":true,"href":"https:\/\/eldiariodesanpedro.com.ar\/sitio\/wp-json\/wp\/v2\/tags?post=15347"}],"curies":[{"name":"wp","href":"https:\/\/api.w.org\/{rel}","templated":true}]}}