{"id":15345,"date":"2017-02-24T08:39:49","date_gmt":"2017-02-24T11:39:49","guid":{"rendered":"https:\/\/eldiariodesanpedro.com.ar\/sitio\/?p=15345"},"modified":"2017-02-24T08:39:49","modified_gmt":"2017-02-24T11:39:49","slug":"secuestran-una-camioneta-robada-en-la-ciudad-de-buenos-aires","status":"publish","type":"post","link":"https:\/\/eldiariodesanpedro.com.ar\/sitio\/secuestran-una-camioneta-robada-en-la-ciudad-de-buenos-aires\/","title":{"rendered":"Secuestran una camioneta robada en la ciudad de Buenos Aires"},"content":{"rendered":"<p><!-- VideographyWP Plugin Message: Automatic video embedding prevented by plugin options. --><br \/>\nEn horas de la madrugada de hoy personal de la comisar\u00eda procedi\u00f3 al secuestro de una camioneta pick up Chevrolet D20 la cual presentaba pedido de secuestro activo desde el a\u00f1o 2016 solicitado por la polic\u00eda de la Ciudad de Buenos Aires. <\/p>\n<p>La conductora quien aseguraba ser la propietaria del veh\u00edculo fue aprehendida y puesta a disposici\u00f3n del magistrado siendo notificada y luego puesta en libertad. <\/p>\n","protected":false},"excerpt":{"rendered":"<p>En horas de la madrugada de hoy personal de la comisar\u00eda procedi\u00f3 al secuestro de una camioneta pick up Chevrolet D20 la cual presentaba pedido de secuestro activo desde el a\u00f1o 2016 solicitado por la polic\u00eda de la Ciudad de Buenos Aires. La conductora quien aseguraba ser la propietaria del veh\u00edculo fue aprehendida y puesta [&hellip;]<\/p>\n","protected":false},"author":4,"featured_media":13373,"comment_status":"open","ping_status":"closed","sticky":false,"template":"","format":"standard","meta":{"om_disable_all_campaigns":false,"_jetpack_memberships_contains_paid_content":false,"footnotes":""},"categories":[2,103],"tags":[],"class_list":["post-15345","post","type-post","status-publish","format-standard","has-post-thumbnail","hentry","category-locales","category-policiales-locales"],"aioseo_notices":[],"gutentor_comment":0,"jetpack_featured_media_url":"https:\/\/eldiariodesanpedro.com.ar\/sitio\/wp-content\/uploads\/2017\/01\/patrulla-5-e1485286136348.jpg","jetpack_shortlink":"https:\/\/wp.me\/p6RhLt-3Zv","jetpack_sharing_enabled":true,"_links":{"self":[{"href":"https:\/\/eldiariodesanpedro.com.ar\/sitio\/wp-json\/wp\/v2\/posts\/15345","targetHints":{"allow":["GET"]}}],"collection":[{"href":"https:\/\/eldiariodesanpedro.com.ar\/sitio\/wp-json\/wp\/v2\/posts"}],"about":[{"href":"https:\/\/eldiariodesanpedro.com.ar\/sitio\/wp-json\/wp\/v2\/types\/post"}],"author":[{"embeddable":true,"href":"https:\/\/eldiariodesanpedro.com.ar\/sitio\/wp-json\/wp\/v2\/users\/4"}],"replies":[{"embeddable":true,"href":"https:\/\/eldiariodesanpedro.com.ar\/sitio\/wp-json\/wp\/v2\/comments?post=15345"}],"version-history":[{"count":1,"href":"https:\/\/eldiariodesanpedro.com.ar\/sitio\/wp-json\/wp\/v2\/posts\/15345\/revisions"}],"predecessor-version":[{"id":15346,"href":"https:\/\/eldiariodesanpedro.com.ar\/sitio\/wp-json\/wp\/v2\/posts\/15345\/revisions\/15346"}],"wp:featuredmedia":[{"embeddable":true,"href":"https:\/\/eldiariodesanpedro.com.ar\/sitio\/wp-json\/wp\/v2\/media\/13373"}],"wp:attachment":[{"href":"https:\/\/eldiariodesanpedro.com.ar\/sitio\/wp-json\/wp\/v2\/media?parent=15345"}],"wp:term":[{"taxonomy":"category","embeddable":true,"href":"https:\/\/eldiariodesanpedro.com.ar\/sitio\/wp-json\/wp\/v2\/categories?post=15345"},{"taxonomy":"post_tag","embeddable":true,"href":"https:\/\/eldiariodesanpedro.com.ar\/sitio\/wp-json\/wp\/v2\/tags?post=15345"}],"curies":[{"name":"wp","href":"https:\/\/api.w.org\/{rel}","templated":true}]}}