{"id":15341,"date":"2017-02-24T08:21:29","date_gmt":"2017-02-24T11:21:29","guid":{"rendered":"https:\/\/eldiariodesanpedro.com.ar\/sitio\/?p=15341"},"modified":"2017-02-24T08:21:29","modified_gmt":"2017-02-24T11:21:29","slug":"le-dispararon-cuando-estaba-sentado-en-su-vereda","status":"publish","type":"post","link":"https:\/\/eldiariodesanpedro.com.ar\/sitio\/le-dispararon-cuando-estaba-sentado-en-su-vereda\/","title":{"rendered":"Le dispararon cuando estaba sentado en su vereda"},"content":{"rendered":"<p><!-- VideographyWP Plugin Message: Automatic video embedding prevented by plugin options. --><br \/>\nEn el d\u00eda de ayer por la noche un vecino de nuestra ciudad que se domicilia en calle San Lorenzo al 1000 denunci\u00f3 que sufri\u00f3 un disparo que no impacto en su cuerpo realizado por otra persona mientras el se encontraba sentado en su vereda, la v\u00edctima refiere que el hecho ocurri\u00f3 por tener problemas personales de larga data. <\/p>\n","protected":false},"excerpt":{"rendered":"<p>En el d\u00eda de ayer por la noche un vecino de nuestra ciudad que se domicilia en calle San Lorenzo al 1000 denunci\u00f3 que sufri\u00f3 un disparo que no impacto en su cuerpo realizado por otra persona mientras el se encontraba sentado en su vereda, la v\u00edctima refiere que el hecho ocurri\u00f3 por tener problemas [&hellip;]<\/p>\n","protected":false},"author":4,"featured_media":11800,"comment_status":"open","ping_status":"closed","sticky":false,"template":"","format":"standard","meta":{"om_disable_all_campaigns":false,"_jetpack_memberships_contains_paid_content":false,"footnotes":""},"categories":[2,103],"tags":[],"class_list":["post-15341","post","type-post","status-publish","format-standard","has-post-thumbnail","hentry","category-locales","category-policiales-locales"],"aioseo_notices":[],"gutentor_comment":0,"jetpack_featured_media_url":"https:\/\/eldiariodesanpedro.com.ar\/sitio\/wp-content\/uploads\/2016\/12\/comisaria-san-pedro.jpg","jetpack_shortlink":"https:\/\/wp.me\/p6RhLt-3Zr","jetpack_sharing_enabled":true,"_links":{"self":[{"href":"https:\/\/eldiariodesanpedro.com.ar\/sitio\/wp-json\/wp\/v2\/posts\/15341","targetHints":{"allow":["GET"]}}],"collection":[{"href":"https:\/\/eldiariodesanpedro.com.ar\/sitio\/wp-json\/wp\/v2\/posts"}],"about":[{"href":"https:\/\/eldiariodesanpedro.com.ar\/sitio\/wp-json\/wp\/v2\/types\/post"}],"author":[{"embeddable":true,"href":"https:\/\/eldiariodesanpedro.com.ar\/sitio\/wp-json\/wp\/v2\/users\/4"}],"replies":[{"embeddable":true,"href":"https:\/\/eldiariodesanpedro.com.ar\/sitio\/wp-json\/wp\/v2\/comments?post=15341"}],"version-history":[{"count":1,"href":"https:\/\/eldiariodesanpedro.com.ar\/sitio\/wp-json\/wp\/v2\/posts\/15341\/revisions"}],"predecessor-version":[{"id":15342,"href":"https:\/\/eldiariodesanpedro.com.ar\/sitio\/wp-json\/wp\/v2\/posts\/15341\/revisions\/15342"}],"wp:featuredmedia":[{"embeddable":true,"href":"https:\/\/eldiariodesanpedro.com.ar\/sitio\/wp-json\/wp\/v2\/media\/11800"}],"wp:attachment":[{"href":"https:\/\/eldiariodesanpedro.com.ar\/sitio\/wp-json\/wp\/v2\/media?parent=15341"}],"wp:term":[{"taxonomy":"category","embeddable":true,"href":"https:\/\/eldiariodesanpedro.com.ar\/sitio\/wp-json\/wp\/v2\/categories?post=15341"},{"taxonomy":"post_tag","embeddable":true,"href":"https:\/\/eldiariodesanpedro.com.ar\/sitio\/wp-json\/wp\/v2\/tags?post=15341"}],"curies":[{"name":"wp","href":"https:\/\/api.w.org\/{rel}","templated":true}]}}