{"id":15339,"date":"2017-02-24T08:09:10","date_gmt":"2017-02-24T11:09:10","guid":{"rendered":"https:\/\/eldiariodesanpedro.com.ar\/sitio\/?p=15339"},"modified":"2017-02-24T08:09:10","modified_gmt":"2017-02-24T11:09:10","slug":"detienen-a-un-persona-con-pedido-de-captura","status":"publish","type":"post","link":"https:\/\/eldiariodesanpedro.com.ar\/sitio\/detienen-a-un-persona-con-pedido-de-captura\/","title":{"rendered":"Detienen a un persona con pedido de captura"},"content":{"rendered":"<p><!-- VideographyWP Plugin Message: Automatic video embedding prevented by plugin options. --><br \/>\nEn horas de la tarde de ayer policial local procedi\u00f3 a la aprehensi\u00f3n de un sujeto mayor de edad quien presentaba pedido de captura activo solicitado por el Juzgado Correccional N\u00b0 2 de San Nicol\u00e1s. Por disposici\u00f3n del magistrado fue notificado a comparecer en la sede judicial para regularizar su situaci\u00f3n y luego puesto en libertad. <\/p>\n","protected":false},"excerpt":{"rendered":"<p>En horas de la tarde de ayer policial local procedi\u00f3 a la aprehensi\u00f3n de un sujeto mayor de edad quien presentaba pedido de captura activo solicitado por el Juzgado Correccional N\u00b0 2 de San Nicol\u00e1s. Por disposici\u00f3n del magistrado fue notificado a comparecer en la sede judicial para regularizar su situaci\u00f3n y luego puesto en [&hellip;]<\/p>\n","protected":false},"author":4,"featured_media":1378,"comment_status":"open","ping_status":"closed","sticky":false,"template":"","format":"standard","meta":{"om_disable_all_campaigns":false,"_jetpack_memberships_contains_paid_content":false,"footnotes":""},"categories":[2,103],"tags":[],"class_list":["post-15339","post","type-post","status-publish","format-standard","has-post-thumbnail","hentry","category-locales","category-policiales-locales"],"aioseo_notices":[],"gutentor_comment":0,"jetpack_featured_media_url":"https:\/\/eldiariodesanpedro.com.ar\/sitio\/wp-content\/uploads\/2015\/12\/detenido-esposado-620x413.jpg","jetpack_shortlink":"https:\/\/wp.me\/p6RhLt-3Zp","jetpack_sharing_enabled":true,"_links":{"self":[{"href":"https:\/\/eldiariodesanpedro.com.ar\/sitio\/wp-json\/wp\/v2\/posts\/15339","targetHints":{"allow":["GET"]}}],"collection":[{"href":"https:\/\/eldiariodesanpedro.com.ar\/sitio\/wp-json\/wp\/v2\/posts"}],"about":[{"href":"https:\/\/eldiariodesanpedro.com.ar\/sitio\/wp-json\/wp\/v2\/types\/post"}],"author":[{"embeddable":true,"href":"https:\/\/eldiariodesanpedro.com.ar\/sitio\/wp-json\/wp\/v2\/users\/4"}],"replies":[{"embeddable":true,"href":"https:\/\/eldiariodesanpedro.com.ar\/sitio\/wp-json\/wp\/v2\/comments?post=15339"}],"version-history":[{"count":1,"href":"https:\/\/eldiariodesanpedro.com.ar\/sitio\/wp-json\/wp\/v2\/posts\/15339\/revisions"}],"predecessor-version":[{"id":15340,"href":"https:\/\/eldiariodesanpedro.com.ar\/sitio\/wp-json\/wp\/v2\/posts\/15339\/revisions\/15340"}],"wp:featuredmedia":[{"embeddable":true,"href":"https:\/\/eldiariodesanpedro.com.ar\/sitio\/wp-json\/wp\/v2\/media\/1378"}],"wp:attachment":[{"href":"https:\/\/eldiariodesanpedro.com.ar\/sitio\/wp-json\/wp\/v2\/media?parent=15339"}],"wp:term":[{"taxonomy":"category","embeddable":true,"href":"https:\/\/eldiariodesanpedro.com.ar\/sitio\/wp-json\/wp\/v2\/categories?post=15339"},{"taxonomy":"post_tag","embeddable":true,"href":"https:\/\/eldiariodesanpedro.com.ar\/sitio\/wp-json\/wp\/v2\/tags?post=15339"}],"curies":[{"name":"wp","href":"https:\/\/api.w.org\/{rel}","templated":true}]}}