{"id":15336,"date":"2017-02-24T07:59:10","date_gmt":"2017-02-24T10:59:10","guid":{"rendered":"https:\/\/eldiariodesanpedro.com.ar\/sitio\/?p=15336"},"modified":"2017-02-24T07:59:10","modified_gmt":"2017-02-24T10:59:10","slug":"detienen-a-una-pareja-que-se-nego-a-identificarse","status":"publish","type":"post","link":"https:\/\/eldiariodesanpedro.com.ar\/sitio\/detienen-a-una-pareja-que-se-nego-a-identificarse\/","title":{"rendered":"Detienen a una pareja que se neg\u00f3 a identificarse"},"content":{"rendered":"<p><!-- VideographyWP Plugin Message: Automatic video embedding prevented by plugin options. --><br \/>\nEn el d\u00eda de ayer en horas de la tarde efectivos de la polic\u00eda local en conjunto con la comisar\u00eda procedieron a la aprehensi\u00f3n de una pareja, ambos mayores de edad quienes al momento de ser identificados por los uniformados los mismos se negaron a colaborar, insultando y realizando ademanes incitando a la violencia. <\/p>\n","protected":false},"excerpt":{"rendered":"<p>En el d\u00eda de ayer en horas de la tarde efectivos de la polic\u00eda local en conjunto con la comisar\u00eda procedieron a la aprehensi\u00f3n de una pareja, ambos mayores de edad quienes al momento de ser identificados por los uniformados los mismos se negaron a colaborar, insultando y realizando ademanes incitando a la violencia.<\/p>\n","protected":false},"author":4,"featured_media":7819,"comment_status":"open","ping_status":"closed","sticky":false,"template":"","format":"standard","meta":{"om_disable_all_campaigns":false,"_jetpack_memberships_contains_paid_content":false,"footnotes":""},"categories":[2,103],"tags":[],"class_list":["post-15336","post","type-post","status-publish","format-standard","has-post-thumbnail","hentry","category-locales","category-policiales-locales"],"aioseo_notices":[],"gutentor_comment":0,"jetpack_featured_media_url":"https:\/\/eldiariodesanpedro.com.ar\/sitio\/wp-content\/uploads\/2016\/09\/detenidos-esposados.jpg","jetpack_shortlink":"https:\/\/wp.me\/p6RhLt-3Zm","jetpack_sharing_enabled":true,"_links":{"self":[{"href":"https:\/\/eldiariodesanpedro.com.ar\/sitio\/wp-json\/wp\/v2\/posts\/15336","targetHints":{"allow":["GET"]}}],"collection":[{"href":"https:\/\/eldiariodesanpedro.com.ar\/sitio\/wp-json\/wp\/v2\/posts"}],"about":[{"href":"https:\/\/eldiariodesanpedro.com.ar\/sitio\/wp-json\/wp\/v2\/types\/post"}],"author":[{"embeddable":true,"href":"https:\/\/eldiariodesanpedro.com.ar\/sitio\/wp-json\/wp\/v2\/users\/4"}],"replies":[{"embeddable":true,"href":"https:\/\/eldiariodesanpedro.com.ar\/sitio\/wp-json\/wp\/v2\/comments?post=15336"}],"version-history":[{"count":1,"href":"https:\/\/eldiariodesanpedro.com.ar\/sitio\/wp-json\/wp\/v2\/posts\/15336\/revisions"}],"predecessor-version":[{"id":15337,"href":"https:\/\/eldiariodesanpedro.com.ar\/sitio\/wp-json\/wp\/v2\/posts\/15336\/revisions\/15337"}],"wp:featuredmedia":[{"embeddable":true,"href":"https:\/\/eldiariodesanpedro.com.ar\/sitio\/wp-json\/wp\/v2\/media\/7819"}],"wp:attachment":[{"href":"https:\/\/eldiariodesanpedro.com.ar\/sitio\/wp-json\/wp\/v2\/media?parent=15336"}],"wp:term":[{"taxonomy":"category","embeddable":true,"href":"https:\/\/eldiariodesanpedro.com.ar\/sitio\/wp-json\/wp\/v2\/categories?post=15336"},{"taxonomy":"post_tag","embeddable":true,"href":"https:\/\/eldiariodesanpedro.com.ar\/sitio\/wp-json\/wp\/v2\/tags?post=15336"}],"curies":[{"name":"wp","href":"https:\/\/api.w.org\/{rel}","templated":true}]}}