{"id":15328,"date":"2017-02-23T21:06:36","date_gmt":"2017-02-24T00:06:36","guid":{"rendered":"https:\/\/eldiariodesanpedro.com.ar\/sitio\/?p=15328"},"modified":"2026-01-24T00:30:57","modified_gmt":"2026-01-24T03:30:57","slug":"reconocimientos-el-equipo-de-natacion-de-nautico-lo-recibio-de-parte-del-club","status":"publish","type":"post","link":"https:\/\/eldiariodesanpedro.com.ar\/sitio\/reconocimientos-el-equipo-de-natacion-de-nautico-lo-recibio-de-parte-del-club\/","title":{"rendered":"RECONOCIMIENTOS: El equipo de nataci\u00f3n de N\u00e1utico lo recibi\u00f3 de parte del club"},"content":{"rendered":"<p><!-- VideographyWP Plugin Message: Automatic video embedding prevented by plugin options. --><br \/>\nEl viernes pasado por la noche se realiz\u00f3 en el sal\u00f3n social del Club un reconocimiento a los nadadores federados que participaron el Campeonato Rep\u00fablica en el pasado mes de enero.<\/p>\n<p> Naiqu\u00e9n Taurizano realiz\u00f3 su primer experiencia en este certamen de nivel nacional el 6 de enero en el CENARD mientras que Denise Arias, Bernarda Graff, Bruno Giles (medalla de bronce en 50 pecho) y Pedro Adrover (triple campe\u00f3n en 50, 100 pecho y 100 libre. Medalla de bronce en 50 libres) lo hicieron del 23 al 27 de enero en C\u00f3rdoba Capital.<\/p>\n<p> Los chicos fueron acompa\u00f1ados por sus compa\u00f1eros, familiares. El Director de Deportes del Club Guillermo Vel\u00e1zquez destac\u00f3 el crecimiento de la escuela de nataci\u00f3n en estos \u00faltimos a\u00f1os y reconoci\u00f3 la tarea de todos los involucrados en este proceso, comenzando por el entrenador Sebasti\u00e1n Graff.<\/p>\n<p> El propio Graff agradeci\u00f3 el acompa\u00f1amiento del club y de todos los pap\u00e1s para que la intensidad que cada a\u00f1o propone con viajes, entrenamientos y un gran esfuerzo, se puedan sostener.<\/p>\n<p> En representaci\u00f3n de la subcomisi\u00f3n de nataci\u00f3n Luis Marzoratti tambi\u00e9n se refiri\u00f3 al gran a\u00f1o de este deporte y Horacio Delprino en nombre de la Comisi\u00f3n Directiva encuadr\u00f3 dentro de una pol\u00edtica deportiva que se mantiene en todos estos a\u00f1os, los logros de la nataci\u00f3n y el inter\u00e9s que despierta esta disciplina tanto en ni\u00f1os como en adultos.<\/p>\n<p> La ceremonia concluy\u00f3 con la entrega por parte de Pedro Adrover al Club N\u00e1utico San Pedro de la Copa por Equipos de su categor\u00eda que \u00e9l consigui\u00f3 siendo el \u00fanico representante \u00abceleste\u00bb merced a la suma de todos sus resultados individuales lo que hace m\u00e1s destacada a\u00fan su performance en este campeonato.<\/p>\n","protected":false},"excerpt":{"rendered":"<p>El viernes pasado por la noche se realiz\u00f3 en el sal\u00f3n social del Club un reconocimiento a los nadadores federados que participaron el Campeonato Rep\u00fablica en el pasado mes de enero. Naiqu\u00e9n Taurizano realiz\u00f3 su primer experiencia en este certamen de nivel nacional el 6 de enero en el CENARD mientras que Denise Arias, Bernarda [&hellip;]<\/p>\n","protected":false},"author":4,"featured_media":15329,"comment_status":"open","ping_status":"closed","sticky":false,"template":"","format":"standard","meta":{"om_disable_all_campaigns":false,"_jetpack_memberships_contains_paid_content":false,"footnotes":""},"categories":[5],"tags":[],"class_list":["post-15328","post","type-post","status-publish","format-standard","has-post-thumbnail","hentry","category-deportes"],"aioseo_notices":[],"gutentor_comment":0,"jetpack_featured_media_url":"https:\/\/eldiariodesanpedro.com.ar\/sitio\/wp-content\/uploads\/2017\/02\/El-Director-de-Deportes-del-club-junto-a-directivos-en-la-entrega.jpg","jetpack_shortlink":"https:\/\/wp.me\/p6RhLt-3Ze","jetpack_sharing_enabled":true,"_links":{"self":[{"href":"https:\/\/eldiariodesanpedro.com.ar\/sitio\/wp-json\/wp\/v2\/posts\/15328","targetHints":{"allow":["GET"]}}],"collection":[{"href":"https:\/\/eldiariodesanpedro.com.ar\/sitio\/wp-json\/wp\/v2\/posts"}],"about":[{"href":"https:\/\/eldiariodesanpedro.com.ar\/sitio\/wp-json\/wp\/v2\/types\/post"}],"author":[{"embeddable":true,"href":"https:\/\/eldiariodesanpedro.com.ar\/sitio\/wp-json\/wp\/v2\/users\/4"}],"replies":[{"embeddable":true,"href":"https:\/\/eldiariodesanpedro.com.ar\/sitio\/wp-json\/wp\/v2\/comments?post=15328"}],"version-history":[{"count":2,"href":"https:\/\/eldiariodesanpedro.com.ar\/sitio\/wp-json\/wp\/v2\/posts\/15328\/revisions"}],"predecessor-version":[{"id":15331,"href":"https:\/\/eldiariodesanpedro.com.ar\/sitio\/wp-json\/wp\/v2\/posts\/15328\/revisions\/15331"}],"wp:featuredmedia":[{"embeddable":true,"href":"https:\/\/eldiariodesanpedro.com.ar\/sitio\/wp-json\/wp\/v2\/media\/15329"}],"wp:attachment":[{"href":"https:\/\/eldiariodesanpedro.com.ar\/sitio\/wp-json\/wp\/v2\/media?parent=15328"}],"wp:term":[{"taxonomy":"category","embeddable":true,"href":"https:\/\/eldiariodesanpedro.com.ar\/sitio\/wp-json\/wp\/v2\/categories?post=15328"},{"taxonomy":"post_tag","embeddable":true,"href":"https:\/\/eldiariodesanpedro.com.ar\/sitio\/wp-json\/wp\/v2\/tags?post=15328"}],"curies":[{"name":"wp","href":"https:\/\/api.w.org\/{rel}","templated":true}]}}