{"id":15326,"date":"2017-02-23T21:03:23","date_gmt":"2017-02-24T00:03:23","guid":{"rendered":"https:\/\/eldiariodesanpedro.com.ar\/sitio\/?p=15326"},"modified":"2026-01-24T00:30:58","modified_gmt":"2026-01-24T03:30:58","slug":"natacion-adam-spies-gano-la-prueba-de-3km-y-maximiliano-rosello-fue-tercero-en-la-de-7km","status":"publish","type":"post","link":"https:\/\/eldiariodesanpedro.com.ar\/sitio\/natacion-adam-spies-gano-la-prueba-de-3km-y-maximiliano-rosello-fue-tercero-en-la-de-7km\/","title":{"rendered":"NATACI\u00d3N: Adam Spies gan\u00f3 la prueba de 3km y Maximiliano Rosell\u00f3 fue tercero en la de 7km"},"content":{"rendered":"<p><!-- VideographyWP Plugin Message: Automatic video embedding prevented by plugin options. --><br \/>\nEl pasado domingo 19 de febrero un grupo de diez nadadores de N\u00e1utico y diez de Pescadores participaron de la XI edici\u00f3n aguas abiertas \u201cFabio Guerzoni\u201d, organizada por el Club N\u00e1utico y Pescadores de Ramallo.<\/p>\n<p>En la prueba de 3 km (127 inscriptos), se destac\u00f3 Adam Sp\u00edes (CNSP), gan\u00e1ndola con un tiempo de 23\u2019 43\u201d y siendo el 1\u00b0 en su categor\u00eda.<br \/>\nMientras que en la de 7 Km (283 inscriptos) fue tercero Maximiliano Rosell\u00f3 (CPNSP).<\/p>\n<p>Los resultados de los nadadores sampedrinos fueron los siguientes:<\/p>\n<p><strong>General 7km<\/strong><br \/>\n 3\u00ba Maximiliano Rosello (2\u00ba cat) (PyN)<br \/>\n19\u00ba Carolina Falco (2\u00ba Cat) (PyN)<br \/>\n27\u00b0 Fernando Juan Bennazar (1\u00ba categor\u00eda) (CNSP)<br \/>\n72\u00b0 Esteban Ginart (CNSP)<br \/>\n123\u00b0 Fernando L\u00f3pez Serrano  (CNSP)<br \/>\n140\u00b0 Gabriela Larrigau  (CNSP)<br \/>\n147\u00b0 Javier Grimoldi (CNSP)<br \/>\n155\u00b0 Silvio Jaime. (CNSP)<br \/>\n182\u00ba H\u00e9ctor Achucarro (PyN)<br \/>\n204\u00ba Carlos Collareti (PyN)<br \/>\n219\u00b0 Luis Zubir\u00eda (CNSP)<br \/>\n268\u00b0 Jos\u00e9 Luis Traverso (CNSP)<br \/>\n277\u00ba Iara Rolfo (CNSP)<\/p>\n<p><strong>General 3km<\/strong><br \/>\n1\u00ba Adam Spies (1\u00ba categor\u00eda) (CNSP)<br \/>\n4\u00ba Manuela Epelde (PyN)<br \/>\n7\u00ba Marcos Paladini (1\u00ba cat) (PyN)<br \/>\n11\u00ba Juli\u00e1n Mariani (2\u00ba cat) (PyN)<br \/>\n16\u00ba Juli\u00e1n Quintana (PyN)<br \/>\n17\u00ba Gonzalo Castagnola (PyN)<br \/>\n68\u00ba Rodolfo Altolaguirre (PyN)<\/p>\n","protected":false},"excerpt":{"rendered":"<p>El pasado domingo 19 de febrero un grupo de diez nadadores de N\u00e1utico y diez de Pescadores participaron de la XI edici\u00f3n aguas abiertas \u201cFabio Guerzoni\u201d, organizada por el Club N\u00e1utico y Pescadores de Ramallo. En la prueba de 3 km (127 inscriptos), se destac\u00f3 Adam Sp\u00edes (CNSP), gan\u00e1ndola con un tiempo de 23\u2019 43\u201d [&hellip;]<\/p>\n","protected":false},"author":4,"featured_media":10828,"comment_status":"open","ping_status":"closed","sticky":false,"template":"","format":"standard","meta":{"om_disable_all_campaigns":false,"_jetpack_memberships_contains_paid_content":false,"footnotes":""},"categories":[5],"tags":[],"class_list":["post-15326","post","type-post","status-publish","format-standard","has-post-thumbnail","hentry","category-deportes"],"aioseo_notices":[],"gutentor_comment":0,"jetpack_featured_media_url":"https:\/\/eldiariodesanpedro.com.ar\/sitio\/wp-content\/uploads\/2016\/11\/aguas-abiertas-2.jpg","jetpack_shortlink":"https:\/\/wp.me\/p6RhLt-3Zc","jetpack_sharing_enabled":true,"_links":{"self":[{"href":"https:\/\/eldiariodesanpedro.com.ar\/sitio\/wp-json\/wp\/v2\/posts\/15326","targetHints":{"allow":["GET"]}}],"collection":[{"href":"https:\/\/eldiariodesanpedro.com.ar\/sitio\/wp-json\/wp\/v2\/posts"}],"about":[{"href":"https:\/\/eldiariodesanpedro.com.ar\/sitio\/wp-json\/wp\/v2\/types\/post"}],"author":[{"embeddable":true,"href":"https:\/\/eldiariodesanpedro.com.ar\/sitio\/wp-json\/wp\/v2\/users\/4"}],"replies":[{"embeddable":true,"href":"https:\/\/eldiariodesanpedro.com.ar\/sitio\/wp-json\/wp\/v2\/comments?post=15326"}],"version-history":[{"count":1,"href":"https:\/\/eldiariodesanpedro.com.ar\/sitio\/wp-json\/wp\/v2\/posts\/15326\/revisions"}],"predecessor-version":[{"id":15327,"href":"https:\/\/eldiariodesanpedro.com.ar\/sitio\/wp-json\/wp\/v2\/posts\/15326\/revisions\/15327"}],"wp:featuredmedia":[{"embeddable":true,"href":"https:\/\/eldiariodesanpedro.com.ar\/sitio\/wp-json\/wp\/v2\/media\/10828"}],"wp:attachment":[{"href":"https:\/\/eldiariodesanpedro.com.ar\/sitio\/wp-json\/wp\/v2\/media?parent=15326"}],"wp:term":[{"taxonomy":"category","embeddable":true,"href":"https:\/\/eldiariodesanpedro.com.ar\/sitio\/wp-json\/wp\/v2\/categories?post=15326"},{"taxonomy":"post_tag","embeddable":true,"href":"https:\/\/eldiariodesanpedro.com.ar\/sitio\/wp-json\/wp\/v2\/tags?post=15326"}],"curies":[{"name":"wp","href":"https:\/\/api.w.org\/{rel}","templated":true}]}}