{"id":15323,"date":"2017-02-23T20:59:52","date_gmt":"2017-02-23T23:59:52","guid":{"rendered":"https:\/\/eldiariodesanpedro.com.ar\/sitio\/?p=15323"},"modified":"2017-02-23T20:59:52","modified_gmt":"2017-02-23T23:59:52","slug":"zarate-continuan-con-ampliaciones-en-el-hospital-intermedio-municipal-rene-favaloro","status":"publish","type":"post","link":"https:\/\/eldiariodesanpedro.com.ar\/sitio\/zarate-continuan-con-ampliaciones-en-el-hospital-intermedio-municipal-rene-favaloro\/","title":{"rendered":"Z\u00c1RATE: Contin\u00faan con ampliaciones en el Hospital Intermedio Municipal \u201cRen\u00e9 Favaloro\u201d"},"content":{"rendered":"<p><!-- VideographyWP Plugin Message: Automatic video embedding prevented by plugin options. --><br \/>\nEl propio Intendente de nuestro Partido, se refiri\u00f3 a los trabajos en el Hospital Municipal: \u00abEstamos hablando de una obra de ampliaci\u00f3n de 300 m\u00b2, seguimos apostando fuertemente en salud\u00bb, manifest\u00f3 C\u00e1ffaro.<\/p>\n<p>Continu\u00f3: \u201cEstas acciones cuidan la vida de mucho zarate\u00f1os, lime\u00f1os y vecinos de la zona por eso pensamos en un escal\u00f3n m\u00e1s, en el Hospital Intermedio Municipal \u201cRene Favaloro\u201d se trabaja actualmente en la emergencia y con esta nueva obra de ampliaci\u00f3n se trabajar\u00e1 y desarrollar\u00e1n otros aspectos tales como la investigaci\u00f3n, diagnostico y habr\u00e1 m\u00e1s consultorios\u201d.<\/p>\n<p>Adem\u00e1s, agreg\u00f3: \u201cEsto se complementa con lo que venimos haciendo en Lima con el nuevo hospital y la inversi\u00f3n enorme que venimos realizando en infraestructura y equipamiento desde un principio, esta nueva pol\u00edtica publica es un gran desaf\u00edo\u201d. (Z\u00e1rate Alerta)<\/p>\n","protected":false},"excerpt":{"rendered":"<p>El propio Intendente de nuestro Partido, se refiri\u00f3 a los trabajos en el Hospital Municipal: \u00abEstamos hablando de una obra de ampliaci\u00f3n de 300 m\u00b2, seguimos apostando fuertemente en salud\u00bb, manifest\u00f3 C\u00e1ffaro. Continu\u00f3: \u201cEstas acciones cuidan la vida de mucho zarate\u00f1os, lime\u00f1os y vecinos de la zona por eso pensamos en un escal\u00f3n m\u00e1s, en [&hellip;]<\/p>\n","protected":false},"author":4,"featured_media":15324,"comment_status":"open","ping_status":"closed","sticky":false,"template":"","format":"standard","meta":{"om_disable_all_campaigns":false,"_jetpack_memberships_contains_paid_content":false,"footnotes":""},"categories":[621],"tags":[],"class_list":["post-15323","post","type-post","status-publish","format-standard","has-post-thumbnail","hentry","category-regionales"],"aioseo_notices":[],"gutentor_comment":0,"jetpack_featured_media_url":"https:\/\/eldiariodesanpedro.com.ar\/sitio\/wp-content\/uploads\/2017\/02\/hospital.jpg","jetpack_shortlink":"https:\/\/wp.me\/p6RhLt-3Z9","jetpack_sharing_enabled":true,"_links":{"self":[{"href":"https:\/\/eldiariodesanpedro.com.ar\/sitio\/wp-json\/wp\/v2\/posts\/15323","targetHints":{"allow":["GET"]}}],"collection":[{"href":"https:\/\/eldiariodesanpedro.com.ar\/sitio\/wp-json\/wp\/v2\/posts"}],"about":[{"href":"https:\/\/eldiariodesanpedro.com.ar\/sitio\/wp-json\/wp\/v2\/types\/post"}],"author":[{"embeddable":true,"href":"https:\/\/eldiariodesanpedro.com.ar\/sitio\/wp-json\/wp\/v2\/users\/4"}],"replies":[{"embeddable":true,"href":"https:\/\/eldiariodesanpedro.com.ar\/sitio\/wp-json\/wp\/v2\/comments?post=15323"}],"version-history":[{"count":1,"href":"https:\/\/eldiariodesanpedro.com.ar\/sitio\/wp-json\/wp\/v2\/posts\/15323\/revisions"}],"predecessor-version":[{"id":15325,"href":"https:\/\/eldiariodesanpedro.com.ar\/sitio\/wp-json\/wp\/v2\/posts\/15323\/revisions\/15325"}],"wp:featuredmedia":[{"embeddable":true,"href":"https:\/\/eldiariodesanpedro.com.ar\/sitio\/wp-json\/wp\/v2\/media\/15324"}],"wp:attachment":[{"href":"https:\/\/eldiariodesanpedro.com.ar\/sitio\/wp-json\/wp\/v2\/media?parent=15323"}],"wp:term":[{"taxonomy":"category","embeddable":true,"href":"https:\/\/eldiariodesanpedro.com.ar\/sitio\/wp-json\/wp\/v2\/categories?post=15323"},{"taxonomy":"post_tag","embeddable":true,"href":"https:\/\/eldiariodesanpedro.com.ar\/sitio\/wp-json\/wp\/v2\/tags?post=15323"}],"curies":[{"name":"wp","href":"https:\/\/api.w.org\/{rel}","templated":true}]}}