{"id":15320,"date":"2017-02-23T20:58:19","date_gmt":"2017-02-23T23:58:19","guid":{"rendered":"https:\/\/eldiariodesanpedro.com.ar\/sitio\/?p=15320"},"modified":"2017-02-23T20:58:19","modified_gmt":"2017-02-23T23:58:19","slug":"internos-intentaron-escapar-violento-incidente-en-el-penal-de-san-nicolas","status":"publish","type":"post","link":"https:\/\/eldiariodesanpedro.com.ar\/sitio\/internos-intentaron-escapar-violento-incidente-en-el-penal-de-san-nicolas\/","title":{"rendered":"INTERNOS INTENTARON ESCAPAR: Violento incidente en el Penal de San Nicol\u00e1s"},"content":{"rendered":"<p><!-- VideographyWP Plugin Message: Automatic video embedding prevented by plugin options. --><br \/>\nUna situaci\u00f3n violenta dej\u00f3 como saldo un herido en la Unidad Penal 3 de San Nicol\u00e1s. Fuentes penitenciarias indicaron que el incidente se control\u00f3 con intervenci\u00f3n de personal propio. Se trat\u00f3 de una tentativa de fuga.<\/p>\n<p>Fuentes penitenciarias indicaron que el incidente se control\u00f3 r\u00e1pidamente y es normal la actividad.<\/p>\n<p>En un primer momento se dio cuenta que se trataba de un mot\u00edn, versi\u00f3n que fue desestimada por fuentes del penal quienes indicaron que la actividad era de absoluta normalidad, llevando tranquilidad a familiares de internos y personal de servicio.<\/p>\n<p>Horas despu\u00e9s de fuentes judiciales trascendi\u00f3 que los incidentes se generaron cuando un interno fug\u00f3 de su celda de aislamiento y se trenz\u00f3 en lucha con un penitenciario.<\/p>\n<p>Para la prensa se inform\u00f3 que el sujeto, de 43 a\u00f1os, estaba en esa condici\u00f3n de aislamiento porque hab\u00eda agredido, con otro interno, a un tercero provoc\u00e1ndole heridas con armas de tipo facas que fueron secuestradas en su momento. La v\u00edctima hab\u00eda sido trasladada al Hospital San Felipe con heridas en el t\u00f3rax que se consideraron como graves.<\/p>\n<p>Los incidentes se dieron en el Pabell\u00f3n 3. Los tres presos involucrados estaban detenidos por robo agravado.<\/p>\n<p>Los agresores fueron identificados como Daniel D\u00edaz, de 22 a\u00f1os; y H\u00e9ctor Mancatelli de 43. La v\u00edctima es Lautaro Figueroa de 22 a\u00f1os.<\/p>\n<p>En el lugar secuestraron dos facas; un arp\u00f3n y un celular.<\/p>\n<p>En la ma\u00f1ana del jueves H\u00e9ctor Mancatelli, seg\u00fan algunas fuentes oficiosas, estaba en celda de aislamiento, rompi\u00f3 las esposas y la puerta de rejas de su celda. Y en su intento de fuga otras dos puertas de madera en un pasillo. Es all\u00ed donde se encuentra con un efectivo del Servicio Penitenciario y un interno, Nicol\u00e1s Luna de 29 a\u00f1os, al que ataca con una faca, produci\u00e9ndose una lucha en la que ambos resultaron con heridas. Mancatelli fue reducido por personal del penal.<\/p>\n<p>Los heridos fueron trasladados al Hospital para sus curaciones, interviniendo la UFI 3 en la Tentativa de Fuga y Lesiones. (Diario El Informante)<\/p>\n","protected":false},"excerpt":{"rendered":"<p>Una situaci\u00f3n violenta dej\u00f3 como saldo un herido en la Unidad Penal 3 de San Nicol\u00e1s. Fuentes penitenciarias indicaron que el incidente se control\u00f3 con intervenci\u00f3n de personal propio. Se trat\u00f3 de una tentativa de fuga. Fuentes penitenciarias indicaron que el incidente se control\u00f3 r\u00e1pidamente y es normal la actividad. En un primer momento se [&hellip;]<\/p>\n","protected":false},"author":4,"featured_media":15321,"comment_status":"open","ping_status":"closed","sticky":false,"template":"","format":"standard","meta":{"om_disable_all_campaigns":false,"_jetpack_memberships_contains_paid_content":false,"footnotes":""},"categories":[621],"tags":[],"class_list":["post-15320","post","type-post","status-publish","format-standard","has-post-thumbnail","hentry","category-regionales"],"aioseo_notices":[],"gutentor_comment":1,"jetpack_featured_media_url":"https:\/\/eldiariodesanpedro.com.ar\/sitio\/wp-content\/uploads\/2017\/02\/Unidad-Penal-3-San-Nicolas.jpg","jetpack_shortlink":"https:\/\/wp.me\/p6RhLt-3Z6","jetpack_sharing_enabled":true,"_links":{"self":[{"href":"https:\/\/eldiariodesanpedro.com.ar\/sitio\/wp-json\/wp\/v2\/posts\/15320","targetHints":{"allow":["GET"]}}],"collection":[{"href":"https:\/\/eldiariodesanpedro.com.ar\/sitio\/wp-json\/wp\/v2\/posts"}],"about":[{"href":"https:\/\/eldiariodesanpedro.com.ar\/sitio\/wp-json\/wp\/v2\/types\/post"}],"author":[{"embeddable":true,"href":"https:\/\/eldiariodesanpedro.com.ar\/sitio\/wp-json\/wp\/v2\/users\/4"}],"replies":[{"embeddable":true,"href":"https:\/\/eldiariodesanpedro.com.ar\/sitio\/wp-json\/wp\/v2\/comments?post=15320"}],"version-history":[{"count":1,"href":"https:\/\/eldiariodesanpedro.com.ar\/sitio\/wp-json\/wp\/v2\/posts\/15320\/revisions"}],"predecessor-version":[{"id":15322,"href":"https:\/\/eldiariodesanpedro.com.ar\/sitio\/wp-json\/wp\/v2\/posts\/15320\/revisions\/15322"}],"wp:featuredmedia":[{"embeddable":true,"href":"https:\/\/eldiariodesanpedro.com.ar\/sitio\/wp-json\/wp\/v2\/media\/15321"}],"wp:attachment":[{"href":"https:\/\/eldiariodesanpedro.com.ar\/sitio\/wp-json\/wp\/v2\/media?parent=15320"}],"wp:term":[{"taxonomy":"category","embeddable":true,"href":"https:\/\/eldiariodesanpedro.com.ar\/sitio\/wp-json\/wp\/v2\/categories?post=15320"},{"taxonomy":"post_tag","embeddable":true,"href":"https:\/\/eldiariodesanpedro.com.ar\/sitio\/wp-json\/wp\/v2\/tags?post=15320"}],"curies":[{"name":"wp","href":"https:\/\/api.w.org\/{rel}","templated":true}]}}