{"id":15315,"date":"2017-02-23T20:54:28","date_gmt":"2017-02-23T23:54:28","guid":{"rendered":"https:\/\/eldiariodesanpedro.com.ar\/sitio\/?p=15315"},"modified":"2017-02-23T20:54:28","modified_gmt":"2017-02-23T23:54:28","slug":"baradero-atanor-ingresaron-pero-no-les-dan-tareas","status":"publish","type":"post","link":"https:\/\/eldiariodesanpedro.com.ar\/sitio\/baradero-atanor-ingresaron-pero-no-les-dan-tareas\/","title":{"rendered":"BARADERO, ATANOR: ingresaron pero no les dan tareas"},"content":{"rendered":"<p><!-- VideographyWP Plugin Message: Automatic video embedding prevented by plugin options. --><br \/>\nEn la noche de este mi\u00e9rcoles se logr\u00f3 que el turno de las 20 pueda ingresar a la planta luego de que se dictara la conciliaci\u00f3n obligatoria por parte del Ministerio de Trabajo. Pero los trabajadores no pudieron acceder  a sus puestos.<\/p>\n<p>Si bien, el ingreso nuevamente  a la f\u00e1brica abre una posibilidad de lucha, los directivos de la empresa no dieron tareas a los trabajadores que ingresaron al turno.<\/p>\n<p>De hecho, permanecieron gran parte del tiempo en el comedor y no recibieron directivas ni pudieron realizar tareas en toda la jornada laboral.<\/p>\n<p>Se espera que la Audiencia P\u00fablica que se lleva a cabo en el Ministerio de Trabajo de la provincia de Buenos Aires en la ciudad de La Plata pueda dar respuesta a esta situaci\u00f3n. (Tu L\u00ednea Directa)<\/p>\n","protected":false},"excerpt":{"rendered":"<p>En la noche de este mi\u00e9rcoles se logr\u00f3 que el turno de las 20 pueda ingresar a la planta luego de que se dictara la conciliaci\u00f3n obligatoria por parte del Ministerio de Trabajo. Pero los trabajadores no pudieron acceder a sus puestos. Si bien, el ingreso nuevamente a la f\u00e1brica abre una posibilidad de lucha, [&hellip;]<\/p>\n","protected":false},"author":4,"featured_media":15316,"comment_status":"open","ping_status":"closed","sticky":false,"template":"","format":"standard","meta":{"om_disable_all_campaigns":false,"_jetpack_memberships_contains_paid_content":false,"footnotes":""},"categories":[621],"tags":[],"class_list":["post-15315","post","type-post","status-publish","format-standard","has-post-thumbnail","hentry","category-regionales"],"aioseo_notices":[],"gutentor_comment":0,"jetpack_featured_media_url":"https:\/\/eldiariodesanpedro.com.ar\/sitio\/wp-content\/uploads\/2017\/02\/Los-trabajadores-de-ATANOR-esperan-una-soluci\u00f3n.jpg","jetpack_shortlink":"https:\/\/wp.me\/p6RhLt-3Z1","jetpack_sharing_enabled":true,"_links":{"self":[{"href":"https:\/\/eldiariodesanpedro.com.ar\/sitio\/wp-json\/wp\/v2\/posts\/15315","targetHints":{"allow":["GET"]}}],"collection":[{"href":"https:\/\/eldiariodesanpedro.com.ar\/sitio\/wp-json\/wp\/v2\/posts"}],"about":[{"href":"https:\/\/eldiariodesanpedro.com.ar\/sitio\/wp-json\/wp\/v2\/types\/post"}],"author":[{"embeddable":true,"href":"https:\/\/eldiariodesanpedro.com.ar\/sitio\/wp-json\/wp\/v2\/users\/4"}],"replies":[{"embeddable":true,"href":"https:\/\/eldiariodesanpedro.com.ar\/sitio\/wp-json\/wp\/v2\/comments?post=15315"}],"version-history":[{"count":1,"href":"https:\/\/eldiariodesanpedro.com.ar\/sitio\/wp-json\/wp\/v2\/posts\/15315\/revisions"}],"predecessor-version":[{"id":15317,"href":"https:\/\/eldiariodesanpedro.com.ar\/sitio\/wp-json\/wp\/v2\/posts\/15315\/revisions\/15317"}],"wp:featuredmedia":[{"embeddable":true,"href":"https:\/\/eldiariodesanpedro.com.ar\/sitio\/wp-json\/wp\/v2\/media\/15316"}],"wp:attachment":[{"href":"https:\/\/eldiariodesanpedro.com.ar\/sitio\/wp-json\/wp\/v2\/media?parent=15315"}],"wp:term":[{"taxonomy":"category","embeddable":true,"href":"https:\/\/eldiariodesanpedro.com.ar\/sitio\/wp-json\/wp\/v2\/categories?post=15315"},{"taxonomy":"post_tag","embeddable":true,"href":"https:\/\/eldiariodesanpedro.com.ar\/sitio\/wp-json\/wp\/v2\/tags?post=15315"}],"curies":[{"name":"wp","href":"https:\/\/api.w.org\/{rel}","templated":true}]}}