{"id":15309,"date":"2017-02-23T20:43:16","date_gmt":"2017-02-23T23:43:16","guid":{"rendered":"https:\/\/eldiariodesanpedro.com.ar\/sitio\/?p=15309"},"modified":"2017-02-23T20:59:39","modified_gmt":"2017-02-23T23:59:39","slug":"polemica-entre-los-concejales-paz-y-ramanzini-en-twitter","status":"publish","type":"post","link":"https:\/\/eldiariodesanpedro.com.ar\/sitio\/polemica-entre-los-concejales-paz-y-ramanzini-en-twitter\/","title":{"rendered":"Pol\u00e9mica entre los concejales Paz y Ramanzini en Twitter"},"content":{"rendered":"<p><!-- VideographyWP Plugin Message: Automatic video embedding prevented by plugin options. --><br \/>\nEl a\u00f1o electoral se empieza a sentir lentamente, cabe recordar que en octubre habr\u00e1 elecciones legislativa y los concejales que terminan su mandato calentaron las redes sociales con una discusi\u00f3n.<\/p>\n<p>Arrobando al edil del Frente Renovador, Ivan Paz (Cambiemos) public\u00f3 en twitter: \u201c@Arielraman salir a repartir una bolsita de mercader\u00eda para sacarte la fotito y pagar para que te publiquen la nota es de lo peor\u201d. En relaci\u00f3n a una publicaci\u00f3n paga que realiz\u00f3 Ramanzini en Facebook y en Instagram recientemente (ver abajo subtitulo).<\/p>\n<p>La respueta no se hizo esperar: \u201cVos te re\u00eds pero hay mucha gente que la est\u00e1 pasando mal culpa de Uds. Ya se pasan! :anpaz @mauriciomacri\u201d, contest\u00f3 Ramanzini.<\/p>\n<p>Nuevamente Paz, le contest\u00f3: \u201c@Arielraman Hay mucha gente pasandola mal y se la ayuda siempre, no solo en a\u00f1o electoral!\u201d.<\/p>\n<p><strong>\u201cSeguimos siempre junto a los vecinos\u201d<\/strong><\/p>\n<p>El posteo realizaron por Ramanzini el 21 de febrero en la red social facebook, que motiv\u00f3 \u201cel pase de facturas\u201d contiene fotos y expresa lo siguiente: \u201cEstos d\u00edas estuvimos recorriendo distintos barrios de nuestra ciudad y de Gobernador Castro.<\/p>\n<p>Esta vez pudimos acercar algunas donaciones de alimentos y ropa a familias con diversas necesidades.<\/p>\n<p>Sabemos que son muchas las familias que tienen necesidades en nuestra ciudad y desde nuestro espacio realizamos acciones para colaborar con distintas asociaciones civiles, merenderos y comedores y familias que necesitan.<\/p>\n<p>Sabemos que nuestra ayuda es un granito de arena en un mar de necesidades, pero lo que hacemos lo hacemos de coraz\u00f3n.<\/p>\n<p>La realidad es que para que muchas familias puedan salir adelante se necesita generar puestos de trabajo. Todos los d\u00edas recibo mensajes y pedidos de j\u00f3venes que quieren trabajar y no consiguen un empleo en nuestra ciudad. Y lamentablemente d\u00eda a d\u00eda vemos que se destruyen puestos de trabajo y los sue\u00f1os de muchas familias.<\/p>\n<p>Esperamos en alg\u00fan momento nuestra ciudad salga adelante.<\/p>\n<p>Agradecemos mucho la ayuda de la iglesia \u201cJesucristo es la Verdad\u201d del partido de Tigre, que se sum\u00f3 a esta campa\u00f1a para ayudar a los que m\u00e1s lo necesitan\u201d.<\/p>\n","protected":false},"excerpt":{"rendered":"<p>El a\u00f1o electoral se empieza a sentir lentamente, cabe recordar que en octubre habr\u00e1 elecciones legislativa y los concejales que terminan su mandato calentaron las redes sociales con una discusi\u00f3n. Arrobando al edil del Frente Renovador, Ivan Paz (Cambiemos) public\u00f3 en twitter: \u201c@Arielraman salir a repartir una bolsita de mercader\u00eda para sacarte la fotito y [&hellip;]<\/p>\n","protected":false},"author":4,"featured_media":15310,"comment_status":"open","ping_status":"closed","sticky":false,"template":"","format":"standard","meta":{"om_disable_all_campaigns":false,"_jetpack_memberships_contains_paid_content":false,"footnotes":""},"categories":[2,102],"tags":[],"class_list":["post-15309","post","type-post","status-publish","format-standard","has-post-thumbnail","hentry","category-locales","category-politica-locales"],"aioseo_notices":[],"gutentor_comment":0,"jetpack_featured_media_url":"https:\/\/eldiariodesanpedro.com.ar\/sitio\/wp-content\/uploads\/2017\/02\/La-publicaci\u00f3n-en-Twitter.jpeg","jetpack_shortlink":"https:\/\/wp.me\/p6RhLt-3YV","jetpack_sharing_enabled":true,"_links":{"self":[{"href":"https:\/\/eldiariodesanpedro.com.ar\/sitio\/wp-json\/wp\/v2\/posts\/15309","targetHints":{"allow":["GET"]}}],"collection":[{"href":"https:\/\/eldiariodesanpedro.com.ar\/sitio\/wp-json\/wp\/v2\/posts"}],"about":[{"href":"https:\/\/eldiariodesanpedro.com.ar\/sitio\/wp-json\/wp\/v2\/types\/post"}],"author":[{"embeddable":true,"href":"https:\/\/eldiariodesanpedro.com.ar\/sitio\/wp-json\/wp\/v2\/users\/4"}],"replies":[{"embeddable":true,"href":"https:\/\/eldiariodesanpedro.com.ar\/sitio\/wp-json\/wp\/v2\/comments?post=15309"}],"version-history":[{"count":1,"href":"https:\/\/eldiariodesanpedro.com.ar\/sitio\/wp-json\/wp\/v2\/posts\/15309\/revisions"}],"predecessor-version":[{"id":15311,"href":"https:\/\/eldiariodesanpedro.com.ar\/sitio\/wp-json\/wp\/v2\/posts\/15309\/revisions\/15311"}],"wp:featuredmedia":[{"embeddable":true,"href":"https:\/\/eldiariodesanpedro.com.ar\/sitio\/wp-json\/wp\/v2\/media\/15310"}],"wp:attachment":[{"href":"https:\/\/eldiariodesanpedro.com.ar\/sitio\/wp-json\/wp\/v2\/media?parent=15309"}],"wp:term":[{"taxonomy":"category","embeddable":true,"href":"https:\/\/eldiariodesanpedro.com.ar\/sitio\/wp-json\/wp\/v2\/categories?post=15309"},{"taxonomy":"post_tag","embeddable":true,"href":"https:\/\/eldiariodesanpedro.com.ar\/sitio\/wp-json\/wp\/v2\/tags?post=15309"}],"curies":[{"name":"wp","href":"https:\/\/api.w.org\/{rel}","templated":true}]}}