{"id":15305,"date":"2017-02-23T20:35:52","date_gmt":"2017-02-23T23:35:52","guid":{"rendered":"https:\/\/eldiariodesanpedro.com.ar\/sitio\/?p=15305"},"modified":"2017-02-23T20:35:52","modified_gmt":"2017-02-23T23:35:52","slug":"emocionante-presentacion-del-sanatatorio-coopser","status":"publish","type":"post","link":"https:\/\/eldiariodesanpedro.com.ar\/sitio\/emocionante-presentacion-del-sanatatorio-coopser\/","title":{"rendered":"Emocionante presentaci\u00f3n del Sanatatorio Coopser"},"content":{"rendered":"<p><!-- VideographyWP Plugin Message: Automatic video embedding prevented by plugin options. --><br \/>\nHoy por la ma\u00f1ana integrantes del Consejo de Administraci\u00f3n, encabezados por su presidente Iv\u00e1n Groppo, acompa\u00f1ados de los empleados tanto que estuvieron trabajando los \u00faltimos meses en las refacciones como los de la cl\u00ednica que se mostraron emocionado por el inminente comienzo de las tareas, acompa\u00f1aron a la prensa local en una recorrida por el centro asistencial. Tambi\u00e9n particip\u00f3 el Intendente Cecilio Salazar junto al Secretario de Legal y T\u00e9cnica Ram\u00f3n Salazar.<\/p>\n<p>\u201cEl consejo que administra la cooperativa el\u00e9ctrica de hace 10 a\u00f1os, tiene algunas premisas fundamentales\u201d, dijo Groppo y continu\u00f3: \u201cQu\u00e9 es velar por la salud de los sampedrinos, consideramos el derecho a la salud como fundamental y lo socios de la cooperativa no nos pod\u00edamos quedar sin este centro de salud, sumado esto a la p\u00e9rdida de 50 puestos de trabajo que con el cierre de la cl\u00ednica si va a dar en el corto plazo\u201d.<\/p>\n<p>\u201cEmpezamos las negociaciones por el mes de abril que estuvieron un poco truncadas por idas y vueltas en lo que respecta al cuadro tarifario el\u00e9ctrico, que es qu\u00e9 es el elemento fundamental de funcionamiento de Coopser\u201d, se\u00f1al\u00f3 luego.<\/p>\n<p>\u201cSubsanado esto, despu\u00e9s de fallos judiciales se pudieron retomar las negociaciones con los ex due\u00f1os. Por el mes de octubre se firm\u00f3 un acuerdo y empezamos con un sinf\u00edn de arreglos cambio de techos, iluminaci\u00f3n, pisos, ba\u00f1os nuevos, compra de nuevo instrumental, etc\u201d, sostuvo el presidente del Consejo de Administraci\u00f3n.<\/p>\n<p>\u201cTodo esto no se habr\u00eda podido lograr sin el personal de la cooperativa el\u00e9ctrica que desde el primer d\u00eda se puso a disposici\u00f3n\u201d, asever\u00f3 y dijo seguidamente: \u201cEl personal de sanatorio Coopser entendi\u00f3 que era la posibilidad de empezar a funcionar de nuevo y todos estuvimos ac\u00e1 muchas horas\u201d.<\/p>\n<p>\u201cEl desaf\u00edo que tenemos por delante es seguir brindando los servicios que la Coopser nos tiene acostumbrados y mejorarlos\u201d, finaliz\u00f3.<\/p>\n<p>Por su parte Oscar Silva, administrador del centro asistencial: \u201cEsto fue un sue\u00f1o y para que se concreten hacen falta so\u00f1adores, gente con empuje\u201d, expres\u00f3.<\/p>\n<p>Y luego dijo: \u201cEl 90% de esto es gracias a los ex empleados que vinieron durante 6 meses todos los d\u00edas sin saber qu\u00e9 es lo que iba a pasar ma\u00f1ana. Las instalaciones estaban muy bien mantenidas, despu\u00e9s hab\u00eda un desgaste l\u00f3gico de los a\u00f1os que lo fuimos mejorando nosotros\u201d.<\/p>\n<p>\u201cOtra pieza fundamental fueron nuestros asesores de pergamino qui\u00e9nes son realmente quienes conoc\u00edan del tema\u201d, opin\u00f3.<\/p>\n<p>Al tiempo que manifest\u00f3: \u201cDesde mi punto de vista qued\u00f3 espl\u00e9ndido, se puso lo mejor y estamos prosiguiendo con la firma distintos convenios con las distintas especialidades m\u00e9dicas. Hay ofrecimientos de venir, siempre con el mismo compromiso de trabajar con el C\u00edrculo M\u00e9dico local, las otras cl\u00ednicas y el hospital\u201d.<\/p>\n<p><strong>Se firm\u00f3 el primer convenio entre el C\u00edrculo M\u00e9dico, Cl\u00ednica San Pedro y Sanatorio COOPSER<\/strong><\/p>\n<p>Ante la inminente apertura del Sanatorio COOPSER y con el objetivo establecer pautas de trabajo comunes para las prestaciones que recibe la comunidad de San Pedro a trav\u00e9s de los establecimientos privados, se firm\u00f3 este mediod\u00eda en el C\u00edrculo M\u00e9dico un convenio de referencia que circunscribe al \u00e1mbito de nuestra entidad la relaci\u00f3n con los profesionales que trabajan y\/o trabajar\u00e1n en ambos espacios, las obras sociales y todos los aspectos relacionados con las prestaciones.<\/p>\n<p>El Presidente del C\u00edrculo M\u00e9dico Miguel Bennozi, el Dr. Miguel Plana por la Cl\u00ednica San Pedro y el Sr.Oscar Silva por Sanatorio COOPSER firmaron este acuerdo acompa\u00f1ados por representantes de las dos instituciones.<\/p>\n<p>Desde el C\u00edrculo M\u00e9dico recibimos con alegr\u00eda la apertura del nuevo sanatorio y felicitamos a los trabajadores y a todos los que han sido parte de este proceso para recuperar las fuentes laborales y fundamentalmente a un actor imprescindible para la atenci\u00f3n de la salud en San Pedro.<\/p>\n","protected":false},"excerpt":{"rendered":"<p>Hoy por la ma\u00f1ana integrantes del Consejo de Administraci\u00f3n, encabezados por su presidente Iv\u00e1n Groppo, acompa\u00f1ados de los empleados tanto que estuvieron trabajando los \u00faltimos meses en las refacciones como los de la cl\u00ednica que se mostraron emocionado por el inminente comienzo de las tareas, acompa\u00f1aron a la prensa local en una recorrida por el [&hellip;]<\/p>\n","protected":false},"author":4,"featured_media":15306,"comment_status":"open","ping_status":"closed","sticky":false,"template":"","format":"standard","meta":{"om_disable_all_campaigns":false,"_jetpack_memberships_contains_paid_content":false,"footnotes":""},"categories":[50,101,2],"tags":[],"class_list":["post-15305","post","type-post","status-publish","format-standard","has-post-thumbnail","hentry","category-destacadas","category-interes-general-locales","category-locales"],"aioseo_notices":[],"gutentor_comment":0,"jetpack_featured_media_url":"https:\/\/eldiariodesanpedro.com.ar\/sitio\/wp-content\/uploads\/2017\/02\/TAPA-1.jpg","jetpack_shortlink":"https:\/\/wp.me\/p6RhLt-3YR","jetpack_sharing_enabled":true,"_links":{"self":[{"href":"https:\/\/eldiariodesanpedro.com.ar\/sitio\/wp-json\/wp\/v2\/posts\/15305","targetHints":{"allow":["GET"]}}],"collection":[{"href":"https:\/\/eldiariodesanpedro.com.ar\/sitio\/wp-json\/wp\/v2\/posts"}],"about":[{"href":"https:\/\/eldiariodesanpedro.com.ar\/sitio\/wp-json\/wp\/v2\/types\/post"}],"author":[{"embeddable":true,"href":"https:\/\/eldiariodesanpedro.com.ar\/sitio\/wp-json\/wp\/v2\/users\/4"}],"replies":[{"embeddable":true,"href":"https:\/\/eldiariodesanpedro.com.ar\/sitio\/wp-json\/wp\/v2\/comments?post=15305"}],"version-history":[{"count":2,"href":"https:\/\/eldiariodesanpedro.com.ar\/sitio\/wp-json\/wp\/v2\/posts\/15305\/revisions"}],"predecessor-version":[{"id":15308,"href":"https:\/\/eldiariodesanpedro.com.ar\/sitio\/wp-json\/wp\/v2\/posts\/15305\/revisions\/15308"}],"wp:featuredmedia":[{"embeddable":true,"href":"https:\/\/eldiariodesanpedro.com.ar\/sitio\/wp-json\/wp\/v2\/media\/15306"}],"wp:attachment":[{"href":"https:\/\/eldiariodesanpedro.com.ar\/sitio\/wp-json\/wp\/v2\/media?parent=15305"}],"wp:term":[{"taxonomy":"category","embeddable":true,"href":"https:\/\/eldiariodesanpedro.com.ar\/sitio\/wp-json\/wp\/v2\/categories?post=15305"},{"taxonomy":"post_tag","embeddable":true,"href":"https:\/\/eldiariodesanpedro.com.ar\/sitio\/wp-json\/wp\/v2\/tags?post=15305"}],"curies":[{"name":"wp","href":"https:\/\/api.w.org\/{rel}","templated":true}]}}