{"id":15301,"date":"2017-02-23T13:50:25","date_gmt":"2017-02-23T16:50:25","guid":{"rendered":"https:\/\/eldiariodesanpedro.com.ar\/sitio\/?p=15301"},"modified":"2026-01-24T00:30:58","modified_gmt":"2026-01-24T03:30:58","slug":"morro-en-la-segunda-fecha-del-tc-pista-mouras-y-federico-dominguez-en-rafaela","status":"publish","type":"post","link":"https:\/\/eldiariodesanpedro.com.ar\/sitio\/morro-en-la-segunda-fecha-del-tc-pista-mouras-y-federico-dominguez-en-rafaela\/","title":{"rendered":"\u201cMorro\u201d en la segunda fecha del TC Pista Mouras y Federico Dom\u00ednguez en Rafaela"},"content":{"rendered":"<p><!-- VideographyWP Plugin Message: Automatic video embedding prevented by plugin options. --><br \/>\nEl pr\u00f3ximo fin de semana en el Autodromo \u201cRoberto Mouras\u201d de La Plata se llevar\u00e1 a cabo la segunda fecha del certamen 2017 que organiza la ACTC y el piloto de nuestra ciudad confirm\u00f3 su presencia. <\/p>\n<p>La primera del a\u00f1o fue en Mar de Ajo con triunfo del juvenil Germ\u00e1n Todino en un calendario de 15 fechas.<\/p>\n<p>El TC Pista Mouras es una categor\u00eda de autos de turismo de Argentina. Es la cuarta divisi\u00f3n del Turismo Carretera, la categor\u00eda m\u00e1s importante del pa\u00eds y la mas longeva del mundo.<\/p>\n<p>Car Show: Federico Dom\u00ednguez rumbo a un nuevo sue\u00f1o<\/p>\n<p>El Bicampe\u00f3n del Tc850, ya tiene todo listo y arranca este 2017 con el desafi\u00f3 del salto grande, en la imagen lo vemos ya con el Fiat Uno del Fiornabelli Sport Group con el cual arrancara este fin de semana en Rafaela.<\/p>\n<p>Obviamente el salto es grande y el de conocer y andar en autodromos nacionales un gran desaf\u00edo.<br \/>\nEn una de las mejores categor\u00edas zonales del pa\u00eds, donde la paridad es absoluta y tambi\u00e9n el nivel competitivo.<\/p>\n<p>El Domingo desde las 13hs, el equipo Volantes y Motores estar\u00e1 transmitiendo en vivo desde Rafaela por La Radio 92.3fm.<\/p>\n","protected":false},"excerpt":{"rendered":"<p>El pr\u00f3ximo fin de semana en el Autodromo \u201cRoberto Mouras\u201d de La Plata se llevar\u00e1 a cabo la segunda fecha del certamen 2017 que organiza la ACTC y el piloto de nuestra ciudad confirm\u00f3 su presencia. La primera del a\u00f1o fue en Mar de Ajo con triunfo del juvenil Germ\u00e1n Todino en un calendario de [&hellip;]<\/p>\n","protected":false},"author":4,"featured_media":15302,"comment_status":"open","ping_status":"closed","sticky":false,"template":"","format":"standard","meta":{"om_disable_all_campaigns":false,"_jetpack_memberships_contains_paid_content":false,"footnotes":""},"categories":[5],"tags":[],"class_list":["post-15301","post","type-post","status-publish","format-standard","has-post-thumbnail","hentry","category-deportes"],"aioseo_notices":[],"gutentor_comment":0,"jetpack_featured_media_url":"https:\/\/eldiariodesanpedro.com.ar\/sitio\/wp-content\/uploads\/2017\/02\/FOTO-2-24-02-17-morro.jpg","jetpack_shortlink":"https:\/\/wp.me\/p6RhLt-3YN","jetpack_sharing_enabled":true,"_links":{"self":[{"href":"https:\/\/eldiariodesanpedro.com.ar\/sitio\/wp-json\/wp\/v2\/posts\/15301","targetHints":{"allow":["GET"]}}],"collection":[{"href":"https:\/\/eldiariodesanpedro.com.ar\/sitio\/wp-json\/wp\/v2\/posts"}],"about":[{"href":"https:\/\/eldiariodesanpedro.com.ar\/sitio\/wp-json\/wp\/v2\/types\/post"}],"author":[{"embeddable":true,"href":"https:\/\/eldiariodesanpedro.com.ar\/sitio\/wp-json\/wp\/v2\/users\/4"}],"replies":[{"embeddable":true,"href":"https:\/\/eldiariodesanpedro.com.ar\/sitio\/wp-json\/wp\/v2\/comments?post=15301"}],"version-history":[{"count":1,"href":"https:\/\/eldiariodesanpedro.com.ar\/sitio\/wp-json\/wp\/v2\/posts\/15301\/revisions"}],"predecessor-version":[{"id":15303,"href":"https:\/\/eldiariodesanpedro.com.ar\/sitio\/wp-json\/wp\/v2\/posts\/15301\/revisions\/15303"}],"wp:featuredmedia":[{"embeddable":true,"href":"https:\/\/eldiariodesanpedro.com.ar\/sitio\/wp-json\/wp\/v2\/media\/15302"}],"wp:attachment":[{"href":"https:\/\/eldiariodesanpedro.com.ar\/sitio\/wp-json\/wp\/v2\/media?parent=15301"}],"wp:term":[{"taxonomy":"category","embeddable":true,"href":"https:\/\/eldiariodesanpedro.com.ar\/sitio\/wp-json\/wp\/v2\/categories?post=15301"},{"taxonomy":"post_tag","embeddable":true,"href":"https:\/\/eldiariodesanpedro.com.ar\/sitio\/wp-json\/wp\/v2\/tags?post=15301"}],"curies":[{"name":"wp","href":"https:\/\/api.w.org\/{rel}","templated":true}]}}