{"id":15293,"date":"2017-02-23T12:44:17","date_gmt":"2017-02-23T15:44:17","guid":{"rendered":"https:\/\/eldiariodesanpedro.com.ar\/sitio\/?p=15293"},"modified":"2017-02-23T12:56:05","modified_gmt":"2017-02-23T15:56:05","slug":"motin-en-san-nicolas-desmienten-la-version-de-un-muerto","status":"publish","type":"post","link":"https:\/\/eldiariodesanpedro.com.ar\/sitio\/motin-en-san-nicolas-desmienten-la-version-de-un-muerto\/","title":{"rendered":"Mot\u00edn en San Nicolas, desmienten la versi\u00f3n de un muerto"},"content":{"rendered":"<p><!-- VideographyWP Plugin Message: Automatic video embedding prevented by plugin options. --><br \/>\nLuego de las primera versiones de que habr\u00eda un muerto en el mot\u00edn que se desarrollo en la ma\u00f1ana de hoy en el Unidad Penal 3 de San Nicolas, el diario de San Pedro luego de comunicaciones al hospital de San Nicolas donde se esta atendiendo un herido de gravedad tras la revuelta ocurrida.<\/p>\n<p>Pese a la primeras informaciones que se hablaba de una victima fatal confirmaron que no habr\u00eda ning\u00fan muerto.<\/p>\n<p>Luego del problema sucedido se pudo constatar que la situaci\u00f3n ya se encuentra bajo control.<\/p>\n","protected":false},"excerpt":{"rendered":"<p>Luego de las primera versiones de que habr\u00eda un muerto en el mot\u00edn que se desarrollo en la ma\u00f1ana de hoy en el Unidad Penal 3 de San Nicolas, el diario de San Pedro luego de comunicaciones al hospital de San Nicolas donde se esta atendiendo un herido de gravedad tras la revuelta ocurrida. Pese [&hellip;]<\/p>\n","protected":false},"author":4,"featured_media":15295,"comment_status":"open","ping_status":"closed","sticky":false,"template":"","format":"standard","meta":{"om_disable_all_campaigns":false,"_jetpack_memberships_contains_paid_content":false,"footnotes":""},"categories":[50,2,103],"tags":[],"class_list":["post-15293","post","type-post","status-publish","format-standard","has-post-thumbnail","hentry","category-destacadas","category-locales","category-policiales-locales"],"aioseo_notices":[],"gutentor_comment":0,"jetpack_featured_media_url":"https:\/\/eldiariodesanpedro.com.ar\/sitio\/wp-content\/uploads\/2017\/02\/elnorte50ebdc7adf2f5_2-carcel.jpg","jetpack_shortlink":"https:\/\/wp.me\/p6RhLt-3YF","jetpack_sharing_enabled":true,"_links":{"self":[{"href":"https:\/\/eldiariodesanpedro.com.ar\/sitio\/wp-json\/wp\/v2\/posts\/15293","targetHints":{"allow":["GET"]}}],"collection":[{"href":"https:\/\/eldiariodesanpedro.com.ar\/sitio\/wp-json\/wp\/v2\/posts"}],"about":[{"href":"https:\/\/eldiariodesanpedro.com.ar\/sitio\/wp-json\/wp\/v2\/types\/post"}],"author":[{"embeddable":true,"href":"https:\/\/eldiariodesanpedro.com.ar\/sitio\/wp-json\/wp\/v2\/users\/4"}],"replies":[{"embeddable":true,"href":"https:\/\/eldiariodesanpedro.com.ar\/sitio\/wp-json\/wp\/v2\/comments?post=15293"}],"version-history":[{"count":2,"href":"https:\/\/eldiariodesanpedro.com.ar\/sitio\/wp-json\/wp\/v2\/posts\/15293\/revisions"}],"predecessor-version":[{"id":15298,"href":"https:\/\/eldiariodesanpedro.com.ar\/sitio\/wp-json\/wp\/v2\/posts\/15293\/revisions\/15298"}],"wp:featuredmedia":[{"embeddable":true,"href":"https:\/\/eldiariodesanpedro.com.ar\/sitio\/wp-json\/wp\/v2\/media\/15295"}],"wp:attachment":[{"href":"https:\/\/eldiariodesanpedro.com.ar\/sitio\/wp-json\/wp\/v2\/media?parent=15293"}],"wp:term":[{"taxonomy":"category","embeddable":true,"href":"https:\/\/eldiariodesanpedro.com.ar\/sitio\/wp-json\/wp\/v2\/categories?post=15293"},{"taxonomy":"post_tag","embeddable":true,"href":"https:\/\/eldiariodesanpedro.com.ar\/sitio\/wp-json\/wp\/v2\/tags?post=15293"}],"curies":[{"name":"wp","href":"https:\/\/api.w.org\/{rel}","templated":true}]}}