{"id":15291,"date":"2017-02-23T09:25:41","date_gmt":"2017-02-23T12:25:41","guid":{"rendered":"https:\/\/eldiariodesanpedro.com.ar\/sitio\/?p=15291"},"modified":"2017-02-23T09:25:41","modified_gmt":"2017-02-23T12:25:41","slug":"el-centro-de-comercio-invita-a-los-socios-a-integrarse-para-la-renovacion-de-la-comision-directiva","status":"publish","type":"post","link":"https:\/\/eldiariodesanpedro.com.ar\/sitio\/el-centro-de-comercio-invita-a-los-socios-a-integrarse-para-la-renovacion-de-la-comision-directiva\/","title":{"rendered":"El Centro de Comercio invita a los socios a integrarse para la renovaci\u00f3n de la Comisi\u00f3n Directiva"},"content":{"rendered":"<p><!-- VideographyWP Plugin Message: Automatic video embedding prevented by plugin options. --><br \/>\nLa Comisi\u00f3n Directiva del Centro de Comercio e Industria tiene el agrado de invitar a todos los socios de la instituci\u00f3n a manifestar su inter\u00e9s para ser parte de la conformaci\u00f3n de la lista oficial con la que se renovar\u00e1 la Comisi\u00f3n Directiva en la pr\u00f3xima asamblea.<\/p>\n<p>La conducci\u00f3n actual ha decidido realizar este llamado p\u00fablicamente como una medida concreta que pretende incorporar a nuevos comerciantes y\/o empresarios para ser part\u00edcipes activos del funcionamiento de la entidad<\/p>\n<p>La cantidad de vacantes es reducida, por lo tanto, los interesados en sumarse deben enviar por correo electr\u00f3nico a:gerencia@centrodecomerciosp.org.ar  los siguientes datos: <\/p>\n<p>Apellido y Nombres<br \/>\nN\u00famero de Socio<br \/>\nDNI<br \/>\nDirecci\u00f3n<br \/>\nTel\u00e9fonos de contacto<\/p>\n<p>Una mayor participaci\u00f3n fortalecer\u00e1 nuestra instituci\u00f3n y generar\u00e1 nuevas opiniones que nos ayudar\u00e1n a seguir trabajando en beneficio de nuestros socios y de toda la comunidad.<\/p>\n","protected":false},"excerpt":{"rendered":"<p>La Comisi\u00f3n Directiva del Centro de Comercio e Industria tiene el agrado de invitar a todos los socios de la instituci\u00f3n a manifestar su inter\u00e9s para ser parte de la conformaci\u00f3n de la lista oficial con la que se renovar\u00e1 la Comisi\u00f3n Directiva en la pr\u00f3xima asamblea. La conducci\u00f3n actual ha decidido realizar este llamado [&hellip;]<\/p>\n","protected":false},"author":4,"featured_media":3126,"comment_status":"open","ping_status":"closed","sticky":false,"template":"","format":"standard","meta":{"om_disable_all_campaigns":false,"_jetpack_memberships_contains_paid_content":false,"footnotes":""},"categories":[101,2],"tags":[],"class_list":["post-15291","post","type-post","status-publish","format-standard","has-post-thumbnail","hentry","category-interes-general-locales","category-locales"],"aioseo_notices":[],"gutentor_comment":0,"jetpack_featured_media_url":"https:\/\/eldiariodesanpedro.com.ar\/sitio\/wp-content\/uploads\/2016\/04\/Centro-de-Comercio-e-industria.jpg","jetpack_shortlink":"https:\/\/wp.me\/p6RhLt-3YD","jetpack_sharing_enabled":true,"_links":{"self":[{"href":"https:\/\/eldiariodesanpedro.com.ar\/sitio\/wp-json\/wp\/v2\/posts\/15291","targetHints":{"allow":["GET"]}}],"collection":[{"href":"https:\/\/eldiariodesanpedro.com.ar\/sitio\/wp-json\/wp\/v2\/posts"}],"about":[{"href":"https:\/\/eldiariodesanpedro.com.ar\/sitio\/wp-json\/wp\/v2\/types\/post"}],"author":[{"embeddable":true,"href":"https:\/\/eldiariodesanpedro.com.ar\/sitio\/wp-json\/wp\/v2\/users\/4"}],"replies":[{"embeddable":true,"href":"https:\/\/eldiariodesanpedro.com.ar\/sitio\/wp-json\/wp\/v2\/comments?post=15291"}],"version-history":[{"count":1,"href":"https:\/\/eldiariodesanpedro.com.ar\/sitio\/wp-json\/wp\/v2\/posts\/15291\/revisions"}],"predecessor-version":[{"id":15292,"href":"https:\/\/eldiariodesanpedro.com.ar\/sitio\/wp-json\/wp\/v2\/posts\/15291\/revisions\/15292"}],"wp:featuredmedia":[{"embeddable":true,"href":"https:\/\/eldiariodesanpedro.com.ar\/sitio\/wp-json\/wp\/v2\/media\/3126"}],"wp:attachment":[{"href":"https:\/\/eldiariodesanpedro.com.ar\/sitio\/wp-json\/wp\/v2\/media?parent=15291"}],"wp:term":[{"taxonomy":"category","embeddable":true,"href":"https:\/\/eldiariodesanpedro.com.ar\/sitio\/wp-json\/wp\/v2\/categories?post=15291"},{"taxonomy":"post_tag","embeddable":true,"href":"https:\/\/eldiariodesanpedro.com.ar\/sitio\/wp-json\/wp\/v2\/tags?post=15291"}],"curies":[{"name":"wp","href":"https:\/\/api.w.org\/{rel}","templated":true}]}}