{"id":15289,"date":"2017-02-23T08:50:00","date_gmt":"2017-02-23T11:50:00","guid":{"rendered":"https:\/\/eldiariodesanpedro.com.ar\/sitio\/?p=15289"},"modified":"2017-02-23T08:50:00","modified_gmt":"2017-02-23T11:50:00","slug":"cuatro-detenido-por-diferentes-hechos-pedido-de-captura-posesion-de-estupefacientes-y-disturbios-en-la-via-publica","status":"publish","type":"post","link":"https:\/\/eldiariodesanpedro.com.ar\/sitio\/cuatro-detenido-por-diferentes-hechos-pedido-de-captura-posesion-de-estupefacientes-y-disturbios-en-la-via-publica\/","title":{"rendered":"Cuatro detenido por diferentes hechos: pedido de captura,  posesi\u00f3n de estupefacientes y disturbios en la v\u00eda p\u00fablica"},"content":{"rendered":"<p><!-- VideographyWP Plugin Message: Automatic video embedding prevented by plugin options. --><br \/>\nEn el d\u00eda de ayer en calle San Mart\u00edn entre Rivadavia y Almafuerte de este medio procedi\u00f3 a la identificaci\u00f3n de una mujer de 27 a\u00f1os de edad logr\u00e1ndose establecer que la misma posee pedido de captura activo por un hecho de robo agravado. Solicitado por el tribunal Criminal N\u00b01 de San Nicol\u00e1s procedi\u00e9ndose a su aprehensi\u00f3n y traslado a la secci\u00f3nal. <\/p>\n<p>Adem\u00e1s en el d\u00eda de ayer tambi\u00e9n policial local en la intersecci\u00f3n de las calles Facundo Quiroga y 11 de septiembre procedi\u00f3 a la identificaci\u00f3n de dos j\u00f3venes ambos de 24 a\u00f1os de edad quienes se movilizaban a bordo de una moto tipo 110 cc, quienes al momento del cacheo preventivo se logr\u00f3 secuestrar en uno de ellos dos trozo de marihuana compacta,  por lo que se procedi\u00f3 a su aprehensi\u00f3n y traslado hasta la secci\u00f3nal, recuperando su libertad horas m\u00e1s tarde. <\/p>\n<p>Y en el d\u00eda de hoy por la madruga personal de la comisar\u00eda quienes de encontraban realizando recorrida preventiva por calle Alvear y que al llegar a la \u00edntersecci\u00f3n con Cruz Roja Argentina observan un individuo en aparente estado de ebriedad que se encontraba gritando a viva voz insultos a las personas presentes en el lugar y adem\u00e1s de amedrentar con un cuchillo. Se procedi\u00f3 a su aprehensi\u00f3n y traslado a la secci\u00f3nal donde se le labrar\u00f3n actuaciones y horas m\u00e1s tarde puesto en libertad. <\/p>\n","protected":false},"excerpt":{"rendered":"<p>En el d\u00eda de ayer en calle San Mart\u00edn entre Rivadavia y Almafuerte de este medio procedi\u00f3 a la identificaci\u00f3n de una mujer de 27 a\u00f1os de edad logr\u00e1ndose establecer que la misma posee pedido de captura activo por un hecho de robo agravado. Solicitado por el tribunal Criminal N\u00b01 de San Nicol\u00e1s procedi\u00e9ndose a [&hellip;]<\/p>\n","protected":false},"author":4,"featured_media":13369,"comment_status":"open","ping_status":"closed","sticky":false,"template":"","format":"standard","meta":{"om_disable_all_campaigns":false,"_jetpack_memberships_contains_paid_content":false,"footnotes":""},"categories":[2,103],"tags":[],"class_list":["post-15289","post","type-post","status-publish","format-standard","has-post-thumbnail","hentry","category-locales","category-policiales-locales"],"aioseo_notices":[],"gutentor_comment":0,"jetpack_featured_media_url":"https:\/\/eldiariodesanpedro.com.ar\/sitio\/wp-content\/uploads\/2017\/01\/Patrulla-1-e1485285915195.jpg","jetpack_shortlink":"https:\/\/wp.me\/p6RhLt-3YB","jetpack_sharing_enabled":true,"_links":{"self":[{"href":"https:\/\/eldiariodesanpedro.com.ar\/sitio\/wp-json\/wp\/v2\/posts\/15289","targetHints":{"allow":["GET"]}}],"collection":[{"href":"https:\/\/eldiariodesanpedro.com.ar\/sitio\/wp-json\/wp\/v2\/posts"}],"about":[{"href":"https:\/\/eldiariodesanpedro.com.ar\/sitio\/wp-json\/wp\/v2\/types\/post"}],"author":[{"embeddable":true,"href":"https:\/\/eldiariodesanpedro.com.ar\/sitio\/wp-json\/wp\/v2\/users\/4"}],"replies":[{"embeddable":true,"href":"https:\/\/eldiariodesanpedro.com.ar\/sitio\/wp-json\/wp\/v2\/comments?post=15289"}],"version-history":[{"count":1,"href":"https:\/\/eldiariodesanpedro.com.ar\/sitio\/wp-json\/wp\/v2\/posts\/15289\/revisions"}],"predecessor-version":[{"id":15290,"href":"https:\/\/eldiariodesanpedro.com.ar\/sitio\/wp-json\/wp\/v2\/posts\/15289\/revisions\/15290"}],"wp:featuredmedia":[{"embeddable":true,"href":"https:\/\/eldiariodesanpedro.com.ar\/sitio\/wp-json\/wp\/v2\/media\/13369"}],"wp:attachment":[{"href":"https:\/\/eldiariodesanpedro.com.ar\/sitio\/wp-json\/wp\/v2\/media?parent=15289"}],"wp:term":[{"taxonomy":"category","embeddable":true,"href":"https:\/\/eldiariodesanpedro.com.ar\/sitio\/wp-json\/wp\/v2\/categories?post=15289"},{"taxonomy":"post_tag","embeddable":true,"href":"https:\/\/eldiariodesanpedro.com.ar\/sitio\/wp-json\/wp\/v2\/tags?post=15289"}],"curies":[{"name":"wp","href":"https:\/\/api.w.org\/{rel}","templated":true}]}}