{"id":15287,"date":"2017-02-23T08:24:27","date_gmt":"2017-02-23T11:24:27","guid":{"rendered":"https:\/\/eldiariodesanpedro.com.ar\/sitio\/?p=15287"},"modified":"2017-02-23T08:24:27","modified_gmt":"2017-02-23T11:24:27","slug":"otro-accidente-entre-una-moto-y-un-auto","status":"publish","type":"post","link":"https:\/\/eldiariodesanpedro.com.ar\/sitio\/otro-accidente-entre-una-moto-y-un-auto\/","title":{"rendered":"Otro accidente entre una moto y un auto"},"content":{"rendered":"<p><!-- VideographyWP Plugin Message: Automatic video embedding prevented by plugin options. --><br \/>\nEn la ma\u00f1ana de ayer alrededor de las 8:30 hs Personal de la comisar\u00eda local se hizo presente en la intersecci\u00f3n de las calle Balcarce y La Laguna donde se produjo una colisi\u00f3n entre un autom\u00f3vil Fiat que era conducido por un se\u00f1or de 51 a\u00f1os de edad y una motocicleta Guerrero 110 cc conducida por un joven de 20 a\u00f1os de edad quien. <\/p>\n<p>Como consecuencia el conductor de la moto fue trasladado al hospital local donde a primera instancia se pudo observar que no presentaba lesiones pero al momento de ser examinado en el nosocomio local se constat\u00f3 que presentaba lesiones de traumatismo de mu\u00f1eca derecha y escoriaciones en codo mismo lado, lesiones de car\u00e1cter leves, en cuanto al conductor del autom\u00f3vil result\u00f3 ileso. <\/p>\n<p>Intervino la UFI N\u00b011 de San Pedro. <\/p>\n","protected":false},"excerpt":{"rendered":"<p>En la ma\u00f1ana de ayer alrededor de las 8:30 hs Personal de la comisar\u00eda local se hizo presente en la intersecci\u00f3n de las calle Balcarce y La Laguna donde se produjo una colisi\u00f3n entre un autom\u00f3vil Fiat que era conducido por un se\u00f1or de 51 a\u00f1os de edad y una motocicleta Guerrero 110 cc conducida [&hellip;]<\/p>\n","protected":false},"author":4,"featured_media":2624,"comment_status":"open","ping_status":"closed","sticky":false,"template":"","format":"standard","meta":{"om_disable_all_campaigns":false,"_jetpack_memberships_contains_paid_content":false,"footnotes":""},"categories":[2,103],"tags":[],"class_list":["post-15287","post","type-post","status-publish","format-standard","has-post-thumbnail","hentry","category-locales","category-policiales-locales"],"aioseo_notices":[],"gutentor_comment":0,"jetpack_featured_media_url":"https:\/\/eldiariodesanpedro.com.ar\/sitio\/wp-content\/uploads\/2016\/04\/guardia.jpg","jetpack_shortlink":"https:\/\/wp.me\/p6RhLt-3Yz","jetpack_sharing_enabled":true,"_links":{"self":[{"href":"https:\/\/eldiariodesanpedro.com.ar\/sitio\/wp-json\/wp\/v2\/posts\/15287","targetHints":{"allow":["GET"]}}],"collection":[{"href":"https:\/\/eldiariodesanpedro.com.ar\/sitio\/wp-json\/wp\/v2\/posts"}],"about":[{"href":"https:\/\/eldiariodesanpedro.com.ar\/sitio\/wp-json\/wp\/v2\/types\/post"}],"author":[{"embeddable":true,"href":"https:\/\/eldiariodesanpedro.com.ar\/sitio\/wp-json\/wp\/v2\/users\/4"}],"replies":[{"embeddable":true,"href":"https:\/\/eldiariodesanpedro.com.ar\/sitio\/wp-json\/wp\/v2\/comments?post=15287"}],"version-history":[{"count":1,"href":"https:\/\/eldiariodesanpedro.com.ar\/sitio\/wp-json\/wp\/v2\/posts\/15287\/revisions"}],"predecessor-version":[{"id":15288,"href":"https:\/\/eldiariodesanpedro.com.ar\/sitio\/wp-json\/wp\/v2\/posts\/15287\/revisions\/15288"}],"wp:featuredmedia":[{"embeddable":true,"href":"https:\/\/eldiariodesanpedro.com.ar\/sitio\/wp-json\/wp\/v2\/media\/2624"}],"wp:attachment":[{"href":"https:\/\/eldiariodesanpedro.com.ar\/sitio\/wp-json\/wp\/v2\/media?parent=15287"}],"wp:term":[{"taxonomy":"category","embeddable":true,"href":"https:\/\/eldiariodesanpedro.com.ar\/sitio\/wp-json\/wp\/v2\/categories?post=15287"},{"taxonomy":"post_tag","embeddable":true,"href":"https:\/\/eldiariodesanpedro.com.ar\/sitio\/wp-json\/wp\/v2\/tags?post=15287"}],"curies":[{"name":"wp","href":"https:\/\/api.w.org\/{rel}","templated":true}]}}