{"id":15281,"date":"2017-02-22T21:25:44","date_gmt":"2017-02-23T00:25:44","guid":{"rendered":"https:\/\/eldiariodesanpedro.com.ar\/sitio\/?p=15281"},"modified":"2026-01-24T00:30:58","modified_gmt":"2026-01-24T03:30:58","slug":"automovilismo-junior-solmi-hizo-su-debut-en-la-copa-bora","status":"publish","type":"post","link":"https:\/\/eldiariodesanpedro.com.ar\/sitio\/automovilismo-junior-solmi-hizo-su-debut-en-la-copa-bora\/","title":{"rendered":"AUTOMOVILISMO: Junior Solmi hizo su debut en la \u201cCopa Bora\u201d"},"content":{"rendered":"<p><!-- VideographyWP Plugin Message: Automatic video embedding prevented by plugin options. --><br \/>\nLa Copa Bora 1.8T, ha iniciado su tercera temporada acompa\u00f1ando al Turismo Carretera en cada escenario en el que se presenta. La primera fecha fue en Viedma y la segunda ser\u00e1 en Centenario, Neuqu\u00e9n.<\/p>\n<p>El campeonato 2016 fue ganado de manera impecable por Franco Morillo y resta saber qui\u00e9n ser\u00e1 el piloto que tome la posta del veloz juninense. Debutaron un coterr\u00e1neo suyo: Ariel \u201cEl Misil\u201d Franco, con experiencia en karting y el sampedrino Junior Solmi, que viene de ser campe\u00f3n del TC Zonal Fedenor.<\/p>\n<p><strong>Clasificaci\u00f3n de la 1ra fecha<\/strong><\/p>\n<p>1 \u00b0\tCorval\u00e1n, Roberto<br \/>\n2 \u00b0\tLorio, Juan<br \/>\n3 \u00b0\tColombi, Nelson<br \/>\n4 \u00b0\tMelillo, Pablo<br \/>\n5 \u00b0\tZeljkovich, Osvaldo<br \/>\n6 \u00b0\tRaffo, Juan Carlos<br \/>\n7 \u00b0\tSolmi, Junior<br \/>\n8 \u00b0\tNimo, Juan<br \/>\n9 \u00b0\tDel Ponte, Pablo<br \/>\n10 \u00b0\tSuperman, Superman<br \/>\n11 \u00b0\tPoliglieddu, Juan Manuel<br \/>\n12 \u00b0\tMor\u00e1n, Nicol\u00e1s<br \/>\n13 \u00b0\tTrani, Maximiliano<br \/>\n14 \u00b0\tFranco, Ariel<\/p>\n","protected":false},"excerpt":{"rendered":"<p>La Copa Bora 1.8T, ha iniciado su tercera temporada acompa\u00f1ando al Turismo Carretera en cada escenario en el que se presenta. La primera fecha fue en Viedma y la segunda ser\u00e1 en Centenario, Neuqu\u00e9n. El campeonato 2016 fue ganado de manera impecable por Franco Morillo y resta saber qui\u00e9n ser\u00e1 el piloto que tome la [&hellip;]<\/p>\n","protected":false},"author":4,"featured_media":15282,"comment_status":"open","ping_status":"closed","sticky":false,"template":"","format":"standard","meta":{"om_disable_all_campaigns":false,"_jetpack_memberships_contains_paid_content":false,"footnotes":""},"categories":[5],"tags":[],"class_list":["post-15281","post","type-post","status-publish","format-standard","has-post-thumbnail","hentry","category-deportes"],"aioseo_notices":[],"gutentor_comment":0,"jetpack_featured_media_url":"https:\/\/eldiariodesanpedro.com.ar\/sitio\/wp-content\/uploads\/2017\/02\/El-auto-del-piloto-sampedrino.jpg","jetpack_shortlink":"https:\/\/wp.me\/p6RhLt-3Yt","jetpack_sharing_enabled":true,"_links":{"self":[{"href":"https:\/\/eldiariodesanpedro.com.ar\/sitio\/wp-json\/wp\/v2\/posts\/15281","targetHints":{"allow":["GET"]}}],"collection":[{"href":"https:\/\/eldiariodesanpedro.com.ar\/sitio\/wp-json\/wp\/v2\/posts"}],"about":[{"href":"https:\/\/eldiariodesanpedro.com.ar\/sitio\/wp-json\/wp\/v2\/types\/post"}],"author":[{"embeddable":true,"href":"https:\/\/eldiariodesanpedro.com.ar\/sitio\/wp-json\/wp\/v2\/users\/4"}],"replies":[{"embeddable":true,"href":"https:\/\/eldiariodesanpedro.com.ar\/sitio\/wp-json\/wp\/v2\/comments?post=15281"}],"version-history":[{"count":1,"href":"https:\/\/eldiariodesanpedro.com.ar\/sitio\/wp-json\/wp\/v2\/posts\/15281\/revisions"}],"predecessor-version":[{"id":15283,"href":"https:\/\/eldiariodesanpedro.com.ar\/sitio\/wp-json\/wp\/v2\/posts\/15281\/revisions\/15283"}],"wp:featuredmedia":[{"embeddable":true,"href":"https:\/\/eldiariodesanpedro.com.ar\/sitio\/wp-json\/wp\/v2\/media\/15282"}],"wp:attachment":[{"href":"https:\/\/eldiariodesanpedro.com.ar\/sitio\/wp-json\/wp\/v2\/media?parent=15281"}],"wp:term":[{"taxonomy":"category","embeddable":true,"href":"https:\/\/eldiariodesanpedro.com.ar\/sitio\/wp-json\/wp\/v2\/categories?post=15281"},{"taxonomy":"post_tag","embeddable":true,"href":"https:\/\/eldiariodesanpedro.com.ar\/sitio\/wp-json\/wp\/v2\/tags?post=15281"}],"curies":[{"name":"wp","href":"https:\/\/api.w.org\/{rel}","templated":true}]}}