{"id":15278,"date":"2017-02-22T21:23:54","date_gmt":"2017-02-23T00:23:54","guid":{"rendered":"https:\/\/eldiariodesanpedro.com.ar\/sitio\/?p=15278"},"modified":"2026-01-24T00:30:59","modified_gmt":"2026-01-24T03:30:59","slug":"mma-tres-triunfos-en-rosario","status":"publish","type":"post","link":"https:\/\/eldiariodesanpedro.com.ar\/sitio\/mma-tres-triunfos-en-rosario\/","title":{"rendered":"MMA: Tres triunfos en Rosario"},"content":{"rendered":"<p><!-- VideographyWP Plugin Message: Automatic video embedding prevented by plugin options. --><br \/>\nEn la ciudad de Rosario se presentaron tres deportistas locales en la disciplina Kick Boxing, representando al Gym de Diego Villal\u00f3n.<\/p>\n<p>Agust\u00edn de la Fuente gan\u00f3 por puntos; Nicol\u00e1s Gracia gan\u00f3 por K.O en el primer round y Alex Gizich gan\u00f3 por puntos, siendo el m\u00e1s \u00abchico\u00bb del Team con solo 16 a\u00f1os, siendo una verdadera una promesa del semillero.<\/p>\n","protected":false},"excerpt":{"rendered":"<p>En la ciudad de Rosario se presentaron tres deportistas locales en la disciplina Kick Boxing, representando al Gym de Diego Villal\u00f3n. Agust\u00edn de la Fuente gan\u00f3 por puntos; Nicol\u00e1s Gracia gan\u00f3 por K.O en el primer round y Alex Gizich gan\u00f3 por puntos, siendo el m\u00e1s \u00abchico\u00bb del Team con solo 16 a\u00f1os, siendo una [&hellip;]<\/p>\n","protected":false},"author":4,"featured_media":15279,"comment_status":"open","ping_status":"closed","sticky":false,"template":"","format":"standard","meta":{"om_disable_all_campaigns":false,"_jetpack_memberships_contains_paid_content":false,"footnotes":""},"categories":[5],"tags":[],"class_list":["post-15278","post","type-post","status-publish","format-standard","has-post-thumbnail","hentry","category-deportes"],"aioseo_notices":[],"gutentor_comment":0,"jetpack_featured_media_url":"https:\/\/eldiariodesanpedro.com.ar\/sitio\/wp-content\/uploads\/2017\/02\/Los-ganadores-junto-al-entrenador-Diego-Villal\u00f3n.jpg","jetpack_shortlink":"https:\/\/wp.me\/p6RhLt-3Yq","jetpack_sharing_enabled":true,"_links":{"self":[{"href":"https:\/\/eldiariodesanpedro.com.ar\/sitio\/wp-json\/wp\/v2\/posts\/15278","targetHints":{"allow":["GET"]}}],"collection":[{"href":"https:\/\/eldiariodesanpedro.com.ar\/sitio\/wp-json\/wp\/v2\/posts"}],"about":[{"href":"https:\/\/eldiariodesanpedro.com.ar\/sitio\/wp-json\/wp\/v2\/types\/post"}],"author":[{"embeddable":true,"href":"https:\/\/eldiariodesanpedro.com.ar\/sitio\/wp-json\/wp\/v2\/users\/4"}],"replies":[{"embeddable":true,"href":"https:\/\/eldiariodesanpedro.com.ar\/sitio\/wp-json\/wp\/v2\/comments?post=15278"}],"version-history":[{"count":1,"href":"https:\/\/eldiariodesanpedro.com.ar\/sitio\/wp-json\/wp\/v2\/posts\/15278\/revisions"}],"predecessor-version":[{"id":15280,"href":"https:\/\/eldiariodesanpedro.com.ar\/sitio\/wp-json\/wp\/v2\/posts\/15278\/revisions\/15280"}],"wp:featuredmedia":[{"embeddable":true,"href":"https:\/\/eldiariodesanpedro.com.ar\/sitio\/wp-json\/wp\/v2\/media\/15279"}],"wp:attachment":[{"href":"https:\/\/eldiariodesanpedro.com.ar\/sitio\/wp-json\/wp\/v2\/media?parent=15278"}],"wp:term":[{"taxonomy":"category","embeddable":true,"href":"https:\/\/eldiariodesanpedro.com.ar\/sitio\/wp-json\/wp\/v2\/categories?post=15278"},{"taxonomy":"post_tag","embeddable":true,"href":"https:\/\/eldiariodesanpedro.com.ar\/sitio\/wp-json\/wp\/v2\/tags?post=15278"}],"curies":[{"name":"wp","href":"https:\/\/api.w.org\/{rel}","templated":true}]}}